{"id":5694,"date":"2026-04-27T16:36:02","date_gmt":"2026-04-27T15:36:02","guid":{"rendered":"https:\/\/www.laballuejardin.com\/?p=5694"},"modified":"2026-04-28T16:07:01","modified_gmt":"2026-04-28T15:07:01","slug":"topiaries-art-and-craft-9-and-10-may-2026","status":"publish","type":"post","link":"https:\/\/www.laballuejardin.com\/en\/evenements-en\/topiaries-art-and-craft-9-and-10-may-2026","title":{"rendered":"Topiaires : l&#8217;Art et la Mani\u00e8re \u2013 9 and 10 May 2026"},"content":{"rendered":"<p><strong>18th edition, 9 and 10 May 2026<\/strong><\/p>\n<p>For the 18th consecutive year, the Ch\u00e2teau of La Ballue is organising the event \u2018Topiaries: Art and Craft\u2019, and is partnering with the World Topiary Days organised by <a href=\"https:\/\/buis-et-topiaires.org\/\">EBTS France<\/a> (European Boxwood and Topiary Society).<\/p>\n<p>This leading event, unique in France, reflects the public\u2019s growing interest in topiary, an art form that originated in Ancient Rome and consists of trimming garden plants for decorative purposes.<\/p>\n<p>This event offers a chance to discover or rediscover our gardens, designated as \u2018Remarkable Gardens\u2019, which surround the 17th-century ch\u00e2teau and feature a beautiful variety of plants suitable for topiary: yews, boxwoods, hornbeams, beeches, laurels\u2026 The 1,500 topiary specimens in the gardens are hand-pruned by the estate\u2019s gardeners and come in a wide variety of shapes, ranging from the most classic to the most sophisticated (spheres, spirals, columns, tiered structures\u2026).<\/p>\n<p>With activities taking place continuously throughout the weekend, you will also be able to benefit from the expertise of our gardeners:<\/p>\n<ul>\n<li><strong>\u2018Tools\u2019 workshop:<\/strong><\/li>\n<\/ul>\n<p>Gardeners K\u00e9vin Spassevitch and Paul-Alexandre Pel\u00e9 will demonstrate the various techniques used to sculpt and prune plants.The choice of tools, how to use them and how to maintain them will also be explained in detail.<\/p>\n<ul>\n<li><strong>\u2018Sculpting and Pruning\u2019 workshop:<\/strong><\/li>\n<\/ul>\n<p>You can watch live demonstrations running continuously throughout the weekend. Our gardeners will sculpt topiaries in a variety of shapes, explain their pruning techniques and answer your questions.<\/p>\n<p>We will also showcase the cloud pruning work on the grove of Monterey pines and holm oaks carried out by the team of arborists led by Claude Le Maut.<\/p>\n<p><strong>Practical information:<\/strong><\/p>\n<p>Saturday and Sunday, 9 and 10 May 2026, open continuously from 10.00 to 18.30. Demonstrations and activities from 11.00 until 17.00. Admission at standard rates.<\/p>\n<p>\u00a9Photos: Yann Monel &amp; Richard Louvet<\/p>\n","protected":false},"excerpt":{"rendered":"<p>18th edition, 9 and 10 May 2026 For the 18th [&hellip;]<\/p>\n","protected":false},"author":3,"featured_media":5700,"comment_status":"closed","ping_status":"closed","sticky":false,"template":"","format":"standard","meta":{"footnotes":""},"categories":[20,2],"tags":[],"class_list":["post-5694","post","type-post","status-publish","format-standard","has-post-thumbnail","hentry","category-evenements-en","category-events"],"yoast_head":"<!-- This site is optimized with the Yoast SEO plugin v25.2 - https:\/\/yoast.com\/wordpress\/plugins\/seo\/ -->\n<title>Topiaires : l&#039;Art et la Mani\u00e8re \u2013 9 and 10 May 2026 - Jardins de la Ballue<\/title>\n<meta name=\"description\" content=\"Ev\u00e8nements Suivez l&#039;actualit\u00e9 des Jardins de la Ballue au fil des saisons et des \u00e9v\u00e8nements.\" \/>\n<meta name=\"robots\" content=\"index, follow, max-snippet:-1, max-image-preview:large, max-video-preview:-1\" \/>\n<link rel=\"canonical\" href=\"https:\/\/www.laballuejardin.com\/en\/evenements-en\/topiaries-art-and-craft-9-and-10-may-2026\" \/>\n<meta property=\"og:locale\" content=\"en_US\" \/>\n<meta property=\"og:type\" content=\"article\" \/>\n<meta property=\"og:title\" content=\"Topiaires : l&#039;Art et la Mani\u00e8re \u2013 9 and 10 May 2026 - Jardins de la Ballue\" \/>\n<meta property=\"og:description\" content=\"Ev\u00e8nements Suivez l&#039;actualit\u00e9 des Jardins de la Ballue au fil des saisons et des \u00e9v\u00e8nements.\" \/>\n<meta property=\"og:url\" content=\"https:\/\/www.laballuejardin.com\/en\/evenements-en\/topiaries-art-and-craft-9-and-10-may-2026\" \/>\n<meta property=\"og:site_name\" content=\"Les Jardins de la Ballue\" \/>\n<meta property=\"article:publisher\" content=\"https:\/\/www.facebook.com\/LaBalluesonchateauetsesjardins\" \/>\n<meta property=\"article:published_time\" content=\"2026-04-27T15:36:02+00:00\" \/>\n<meta property=\"article:modified_time\" content=\"2026-04-28T15:07:01+00:00\" \/>\n<meta property=\"og:image\" content=\"https:\/\/www.laballuejardin.com\/wp-content\/uploads\/2026\/04\/Affiche-Topiiaires-2026-EN-724x1024.png\" \/>\n\t<meta property=\"og:image:width\" content=\"724\" \/>\n\t<meta property=\"og:image:height\" content=\"1024\" \/>\n\t<meta property=\"og:image:type\" content=\"image\/png\" \/>\n<meta name=\"author\" content=\"Les Jardins de La Ballue\" \/>\n<meta name=\"twitter:card\" content=\"summary_large_image\" \/>\n<script type=\"application\/ld+json\" class=\"yoast-schema-graph\">{\"@context\":\"https:\/\/schema.org\",\"@graph\":[{\"@type\":\"Article\",\"@id\":\"https:\/\/www.laballuejardin.com\/en\/evenements-en\/topiaries-art-and-craft-9-and-10-may-2026#article\",\"isPartOf\":{\"@id\":\"https:\/\/www.laballuejardin.com\/en\/evenements-en\/topiaries-art-and-craft-9-and-10-may-2026\"},\"author\":{\"name\":\"Les Jardins de La Ballue\",\"@id\":\"https:\/\/www.laballuejardin.com\/en\/#\/schema\/person\/f2c026be0f87e46c86fd11055f1a87f5\"},\"headline\":\"Topiaires : l&#8217;Art et la Mani\u00e8re \u2013 9 and 10 May 2026\",\"datePublished\":\"2026-04-27T15:36:02+00:00\",\"dateModified\":\"2026-04-28T15:07:01+00:00\",\"mainEntityOfPage\":{\"@id\":\"https:\/\/www.laballuejardin.com\/en\/evenements-en\/topiaries-art-and-craft-9-and-10-may-2026\"},\"wordCount\":298,\"publisher\":{\"@id\":\"https:\/\/www.laballuejardin.com\/en\/#organization\"},\"image\":{\"@id\":\"https:\/\/www.laballuejardin.com\/en\/evenements-en\/topiaries-art-and-craft-9-and-10-may-2026#primaryimage\"},\"thumbnailUrl\":\"https:\/\/www.laballuejardin.com\/wp-content\/uploads\/2026\/04\/Affiche-Topiiaires-2026-EN.png\",\"articleSection\":[\"Ev\u00e8nements\",\"Events\"],\"inLanguage\":\"en-US\"},{\"@type\":\"WebPage\",\"@id\":\"https:\/\/www.laballuejardin.com\/en\/evenements-en\/topiaries-art-and-craft-9-and-10-may-2026\",\"url\":\"https:\/\/www.laballuejardin.com\/en\/evenements-en\/topiaries-art-and-craft-9-and-10-may-2026\",\"name\":\"Topiaires : l'Art et la Mani\u00e8re \u2013 9 and 10 May 2026 - Jardins de la Ballue\",\"isPartOf\":{\"@id\":\"https:\/\/www.laballuejardin.com\/en\/#website\"},\"primaryImageOfPage\":{\"@id\":\"https:\/\/www.laballuejardin.com\/en\/evenements-en\/topiaries-art-and-craft-9-and-10-may-2026#primaryimage\"},\"image\":{\"@id\":\"https:\/\/www.laballuejardin.com\/en\/evenements-en\/topiaries-art-and-craft-9-and-10-may-2026#primaryimage\"},\"thumbnailUrl\":\"https:\/\/www.laballuejardin.com\/wp-content\/uploads\/2026\/04\/Affiche-Topiiaires-2026-EN.png\",\"datePublished\":\"2026-04-27T15:36:02+00:00\",\"dateModified\":\"2026-04-28T15:07:01+00:00\",\"description\":\"Ev\u00e8nements Suivez l'actualit\u00e9 des Jardins de la Ballue au fil des saisons et des \u00e9v\u00e8nements.\",\"breadcrumb\":{\"@id\":\"https:\/\/www.laballuejardin.com\/en\/evenements-en\/topiaries-art-and-craft-9-and-10-may-2026#breadcrumb\"},\"inLanguage\":\"en-US\",\"potentialAction\":[{\"@type\":\"ReadAction\",\"target\":[\"https:\/\/www.laballuejardin.com\/en\/evenements-en\/topiaries-art-and-craft-9-and-10-may-2026\"]}]},{\"@type\":\"ImageObject\",\"inLanguage\":\"en-US\",\"@id\":\"https:\/\/www.laballuejardin.com\/en\/evenements-en\/topiaries-art-and-craft-9-and-10-may-2026#primaryimage\",\"url\":\"https:\/\/www.laballuejardin.com\/wp-content\/uploads\/2026\/04\/Affiche-Topiiaires-2026-EN.png\",\"contentUrl\":\"https:\/\/www.laballuejardin.com\/wp-content\/uploads\/2026\/04\/Affiche-Topiiaires-2026-EN.png\",\"width\":1414,\"height\":2000},{\"@type\":\"BreadcrumbList\",\"@id\":\"https:\/\/www.laballuejardin.com\/en\/evenements-en\/topiaries-art-and-craft-9-and-10-may-2026#breadcrumb\",\"itemListElement\":[{\"@type\":\"ListItem\",\"position\":1,\"name\":\"Accueil\",\"item\":\"https:\/\/www.laballuejardin.com\/en\"},{\"@type\":\"ListItem\",\"position\":2,\"name\":\"Topiaires : l&rsquo;Art et la Mani\u00e8re \u2013 9 and 10 May 2026\"}]},{\"@type\":\"WebSite\",\"@id\":\"https:\/\/www.laballuejardin.com\/en\/#website\",\"url\":\"https:\/\/www.laballuejardin.com\/en\/\",\"name\":\"Les Jardins de la Ballue\",\"description\":\"Joyaux du patrimoine d&#039;Ile et Vilaine\",\"publisher\":{\"@id\":\"https:\/\/www.laballuejardin.com\/en\/#organization\"},\"potentialAction\":[{\"@type\":\"SearchAction\",\"target\":{\"@type\":\"EntryPoint\",\"urlTemplate\":\"https:\/\/www.laballuejardin.com\/en\/?s={search_term_string}\"},\"query-input\":{\"@type\":\"PropertyValueSpecification\",\"valueRequired\":true,\"valueName\":\"search_term_string\"}}],\"inLanguage\":\"en-US\"},{\"@type\":\"Organization\",\"@id\":\"https:\/\/www.laballuejardin.com\/en\/#organization\",\"name\":\"les Jardins du ch\u00e2teau de la Ballue\",\"url\":\"https:\/\/www.laballuejardin.com\/en\/\",\"logo\":{\"@type\":\"ImageObject\",\"inLanguage\":\"en-US\",\"@id\":\"https:\/\/www.laballuejardin.com\/en\/#\/schema\/logo\/image\/\",\"url\":\"https:\/\/www.laballuejardin.com\/wp-content\/uploads\/2014\/12\/la-ballue-logo1.jpg\",\"contentUrl\":\"https:\/\/www.laballuejardin.com\/wp-content\/uploads\/2014\/12\/la-ballue-logo1.jpg\",\"width\":297,\"height\":69,\"caption\":\"les Jardins du ch\u00e2teau de la Ballue\"},\"image\":{\"@id\":\"https:\/\/www.laballuejardin.com\/en\/#\/schema\/logo\/image\/\"},\"sameAs\":[\"https:\/\/www.facebook.com\/LaBalluesonchateauetsesjardins\",\"https:\/\/www.instagram.com\/chateaudelaballue\/\",\"https:\/\/www.linkedin.com\/in\/marie-fran\u00e7oise-mathiot-mathon-17453a87?originalSubdomain=fr\",\"https:\/\/www.pinterest.fr\/laballue\/_created\/\",\"https:\/\/fr.wikipedia.org\/wiki\/Ch\u00e2teau_de_la_Ballue\"]},{\"@type\":\"Person\",\"@id\":\"https:\/\/www.laballuejardin.com\/en\/#\/schema\/person\/f2c026be0f87e46c86fd11055f1a87f5\",\"name\":\"Les Jardins de La Ballue\",\"description\":\"\u00c0 quelques kilom\u00e8tres du Mont-Saint-Michel, un univers enchant\u00e9 r\u00e9serve des surprises \u00e0 ceux qui s\u2019y aventurent. Vous d\u00e9couvrez en arrivant un paysage vallonn\u00e9 baign\u00e9 de cette lumi\u00e8re si caract\u00e9ristique \u00e0 la Bretagne et qui, d\u00e9couverte par les impressionnistes, inspira depuis de nombreux peintres.\"}]}<\/script>\n<!-- \/ Yoast SEO plugin. -->","yoast_head_json":{"title":"Topiaires : l'Art et la Mani\u00e8re \u2013 9 and 10 May 2026 - Jardins de la Ballue","description":"Ev\u00e8nements Suivez l'actualit\u00e9 des Jardins de la Ballue au fil des saisons et des \u00e9v\u00e8nements.","robots":{"index":"index","follow":"follow","max-snippet":"max-snippet:-1","max-image-preview":"max-image-preview:large","max-video-preview":"max-video-preview:-1"},"canonical":"https:\/\/www.laballuejardin.com\/en\/evenements-en\/topiaries-art-and-craft-9-and-10-may-2026","og_locale":"en_US","og_type":"article","og_title":"Topiaires : l'Art et la Mani\u00e8re \u2013 9 and 10 May 2026 - Jardins de la Ballue","og_description":"Ev\u00e8nements Suivez l'actualit\u00e9 des Jardins de la Ballue au fil des saisons et des \u00e9v\u00e8nements.","og_url":"https:\/\/www.laballuejardin.com\/en\/evenements-en\/topiaries-art-and-craft-9-and-10-may-2026","og_site_name":"Les Jardins de la Ballue","article_publisher":"https:\/\/www.facebook.com\/LaBalluesonchateauetsesjardins","article_published_time":"2026-04-27T15:36:02+00:00","article_modified_time":"2026-04-28T15:07:01+00:00","og_image":[{"width":724,"height":1024,"url":"https:\/\/www.laballuejardin.com\/wp-content\/uploads\/2026\/04\/Affiche-Topiiaires-2026-EN-724x1024.png","type":"image\/png"}],"author":"Les Jardins de La Ballue","twitter_card":"summary_large_image","schema":{"@context":"https:\/\/schema.org","@graph":[{"@type":"Article","@id":"https:\/\/www.laballuejardin.com\/en\/evenements-en\/topiaries-art-and-craft-9-and-10-may-2026#article","isPartOf":{"@id":"https:\/\/www.laballuejardin.com\/en\/evenements-en\/topiaries-art-and-craft-9-and-10-may-2026"},"author":{"name":"Les Jardins de La Ballue","@id":"https:\/\/www.laballuejardin.com\/en\/#\/schema\/person\/f2c026be0f87e46c86fd11055f1a87f5"},"headline":"Topiaires : l&#8217;Art et la Mani\u00e8re \u2013 9 and 10 May 2026","datePublished":"2026-04-27T15:36:02+00:00","dateModified":"2026-04-28T15:07:01+00:00","mainEntityOfPage":{"@id":"https:\/\/www.laballuejardin.com\/en\/evenements-en\/topiaries-art-and-craft-9-and-10-may-2026"},"wordCount":298,"publisher":{"@id":"https:\/\/www.laballuejardin.com\/en\/#organization"},"image":{"@id":"https:\/\/www.laballuejardin.com\/en\/evenements-en\/topiaries-art-and-craft-9-and-10-may-2026#primaryimage"},"thumbnailUrl":"https:\/\/www.laballuejardin.com\/wp-content\/uploads\/2026\/04\/Affiche-Topiiaires-2026-EN.png","articleSection":["Ev\u00e8nements","Events"],"inLanguage":"en-US"},{"@type":"WebPage","@id":"https:\/\/www.laballuejardin.com\/en\/evenements-en\/topiaries-art-and-craft-9-and-10-may-2026","url":"https:\/\/www.laballuejardin.com\/en\/evenements-en\/topiaries-art-and-craft-9-and-10-may-2026","name":"Topiaires : l'Art et la Mani\u00e8re \u2013 9 and 10 May 2026 - Jardins de la Ballue","isPartOf":{"@id":"https:\/\/www.laballuejardin.com\/en\/#website"},"primaryImageOfPage":{"@id":"https:\/\/www.laballuejardin.com\/en\/evenements-en\/topiaries-art-and-craft-9-and-10-may-2026#primaryimage"},"image":{"@id":"https:\/\/www.laballuejardin.com\/en\/evenements-en\/topiaries-art-and-craft-9-and-10-may-2026#primaryimage"},"thumbnailUrl":"https:\/\/www.laballuejardin.com\/wp-content\/uploads\/2026\/04\/Affiche-Topiiaires-2026-EN.png","datePublished":"2026-04-27T15:36:02+00:00","dateModified":"2026-04-28T15:07:01+00:00","description":"Ev\u00e8nements Suivez l'actualit\u00e9 des Jardins de la Ballue au fil des saisons et des \u00e9v\u00e8nements.","breadcrumb":{"@id":"https:\/\/www.laballuejardin.com\/en\/evenements-en\/topiaries-art-and-craft-9-and-10-may-2026#breadcrumb"},"inLanguage":"en-US","potentialAction":[{"@type":"ReadAction","target":["https:\/\/www.laballuejardin.com\/en\/evenements-en\/topiaries-art-and-craft-9-and-10-may-2026"]}]},{"@type":"ImageObject","inLanguage":"en-US","@id":"https:\/\/www.laballuejardin.com\/en\/evenements-en\/topiaries-art-and-craft-9-and-10-may-2026#primaryimage","url":"https:\/\/www.laballuejardin.com\/wp-content\/uploads\/2026\/04\/Affiche-Topiiaires-2026-EN.png","contentUrl":"https:\/\/www.laballuejardin.com\/wp-content\/uploads\/2026\/04\/Affiche-Topiiaires-2026-EN.png","width":1414,"height":2000},{"@type":"BreadcrumbList","@id":"https:\/\/www.laballuejardin.com\/en\/evenements-en\/topiaries-art-and-craft-9-and-10-may-2026#breadcrumb","itemListElement":[{"@type":"ListItem","position":1,"name":"Accueil","item":"https:\/\/www.laballuejardin.com\/en"},{"@type":"ListItem","position":2,"name":"Topiaires : l&rsquo;Art et la Mani\u00e8re \u2013 9 and 10 May 2026"}]},{"@type":"WebSite","@id":"https:\/\/www.laballuejardin.com\/en\/#website","url":"https:\/\/www.laballuejardin.com\/en\/","name":"Les Jardins de la Ballue","description":"Joyaux du patrimoine d&#039;Ile et Vilaine","publisher":{"@id":"https:\/\/www.laballuejardin.com\/en\/#organization"},"potentialAction":[{"@type":"SearchAction","target":{"@type":"EntryPoint","urlTemplate":"https:\/\/www.laballuejardin.com\/en\/?s={search_term_string}"},"query-input":{"@type":"PropertyValueSpecification","valueRequired":true,"valueName":"search_term_string"}}],"inLanguage":"en-US"},{"@type":"Organization","@id":"https:\/\/www.laballuejardin.com\/en\/#organization","name":"les Jardins du ch\u00e2teau de la Ballue","url":"https:\/\/www.laballuejardin.com\/en\/","logo":{"@type":"ImageObject","inLanguage":"en-US","@id":"https:\/\/www.laballuejardin.com\/en\/#\/schema\/logo\/image\/","url":"https:\/\/www.laballuejardin.com\/wp-content\/uploads\/2014\/12\/la-ballue-logo1.jpg","contentUrl":"https:\/\/www.laballuejardin.com\/wp-content\/uploads\/2014\/12\/la-ballue-logo1.jpg","width":297,"height":69,"caption":"les Jardins du ch\u00e2teau de la Ballue"},"image":{"@id":"https:\/\/www.laballuejardin.com\/en\/#\/schema\/logo\/image\/"},"sameAs":["https:\/\/www.facebook.com\/LaBalluesonchateauetsesjardins","https:\/\/www.instagram.com\/chateaudelaballue\/","https:\/\/www.linkedin.com\/in\/marie-fran\u00e7oise-mathiot-mathon-17453a87?originalSubdomain=fr","https:\/\/www.pinterest.fr\/laballue\/_created\/","https:\/\/fr.wikipedia.org\/wiki\/Ch\u00e2teau_de_la_Ballue"]},{"@type":"Person","@id":"https:\/\/www.laballuejardin.com\/en\/#\/schema\/person\/f2c026be0f87e46c86fd11055f1a87f5","name":"Les Jardins de La Ballue","description":"\u00c0 quelques kilom\u00e8tres du Mont-Saint-Michel, un univers enchant\u00e9 r\u00e9serve des surprises \u00e0 ceux qui s\u2019y aventurent. Vous d\u00e9couvrez en arrivant un paysage vallonn\u00e9 baign\u00e9 de cette lumi\u00e8re si caract\u00e9ristique \u00e0 la Bretagne et qui, d\u00e9couverte par les impressionnistes, inspira depuis de nombreux peintres."}]}},"_links":{"self":[{"href":"https:\/\/www.laballuejardin.com\/en\/wp-json\/wp\/v2\/posts\/5694","targetHints":{"allow":["GET"]}}],"collection":[{"href":"https:\/\/www.laballuejardin.com\/en\/wp-json\/wp\/v2\/posts"}],"about":[{"href":"https:\/\/www.laballuejardin.com\/en\/wp-json\/wp\/v2\/types\/post"}],"author":[{"embeddable":true,"href":"https:\/\/www.laballuejardin.com\/en\/wp-json\/wp\/v2\/users\/3"}],"replies":[{"embeddable":true,"href":"https:\/\/www.laballuejardin.com\/en\/wp-json\/wp\/v2\/comments?post=5694"}],"version-history":[{"count":5,"href":"https:\/\/www.laballuejardin.com\/en\/wp-json\/wp\/v2\/posts\/5694\/revisions"}],"predecessor-version":[{"id":5708,"href":"https:\/\/www.laballuejardin.com\/en\/wp-json\/wp\/v2\/posts\/5694\/revisions\/5708"}],"wp:featuredmedia":[{"embeddable":true,"href":"https:\/\/www.laballuejardin.com\/en\/wp-json\/wp\/v2\/media\/5700"}],"wp:attachment":[{"href":"https:\/\/www.laballuejardin.com\/en\/wp-json\/wp\/v2\/media?parent=5694"}],"wp:term":[{"taxonomy":"category","embeddable":true,"href":"https:\/\/www.laballuejardin.com\/en\/wp-json\/wp\/v2\/categories?post=5694"},{"taxonomy":"post_tag","embeddable":true,"href":"https:\/\/www.laballuejardin.com\/en\/wp-json\/wp\/v2\/tags?post=5694"}],"curies":[{"name":"wp","href":"https:\/\/api.w.org\/{rel}","templated":true}]}}