{"id":4650,"date":"2022-05-06T13:36:20","date_gmt":"2022-05-06T12:36:20","guid":{"rendered":"https:\/\/www.laballuejardin.com\/?p=4650"},"modified":"2022-05-20T13:28:22","modified_gmt":"2022-05-20T12:28:22","slug":"animations-and-cultural-program-of-the-year-2022","status":"publish","type":"post","link":"https:\/\/www.laballuejardin.com\/en\/events\/animations-and-cultural-program-of-the-year-2022","title":{"rendered":"Animations and Cultural Program of the year 2022"},"content":{"rendered":"\r\n<h4 class=\"wp-block-heading\">MUSICAL EVENTS, CULTURAL EVENTS and GARDENERS<\/h4>\r\n\r\n\r\n\r\n<h4 class=\"wp-block-heading\">&#8211; SEASON 2022 &#8211;<\/h4>\r\n\r\n\r\n\r\n<h2 class=\"wp-block-heading\">Ch\u00e2teau and Gardens of La Ballue<\/h2>\r\n\r\n\r\n\r\n<h6 class=\"wp-block-heading\">17th C. HISTORICAL MONUMENTS &#8211; REMARKABLE GARDEN LABEL &#8211; TOURISM QUALITY LABEL<\/h6>\r\n\r\n\r\n\r\n<p><strong>16th edition of the Musicales de la Ballue<br \/><\/strong><strong>14th\u00a0 edition of the event &#8221;\u00a0<a href=\"https:\/\/www.laballuejardin.com\/blog\/evenements-recurrents\/topiaires-art-et-maniere\">Topiaires, the Art and the Manner<\/a> \u00a0\u00bb<br \/><\/strong><strong>11th edition of the dance festival \u00ab\u00a0<a href=\"https:\/\/www.laballuejardin.com\/blog\/evenements-recurrents\/extension-sauvage\">Wild extension <\/a>\u00a0\u00bb<\/strong><\/p>\r\n\r\n\r\n\r\n<p>The gardens of la Ballue were awarded the <strong>2nd European Prize 2018 for European Historic Gardens<\/strong> by the EGHN network and received a\u00a0<strong>CCVS approval<\/strong>\u00a0 for their boxwood botanical collection.<\/p>\r\n\r\n\r\n\r\n<p><strong>Music, dance and highlights in the gardens for the 2022 season<\/strong><\/p>\r\n<h3>\u00a0<\/h3>\r\n<h3>\u00a0<\/h3>\r\n<h3><strong>01 &#8211; AS OPENING ON\u00a0 MARCH 17 : The great Spring of La Ballue<\/strong><\/h3>\r\n\r\n\r\n\r\n<ul class=\"wp-block-list\">\r\n<li><strong>A WHITE GARDEN FOR APRIL:<\/strong> white adornment of the gardens from mid-March and in April.with the collection of magnolias, clematis&#8230; illuminate all the gardens!<\/li>\r\n<li><strong>BLUE OF MAY :<\/strong> the dazzle and fragrance of the sculptural alley of wisteria (from April 20) with the new support architecture of the Turgot workshop.<\/li>\r\n<\/ul>\r\n\r\n\r\n\r\n<p>Admissions at the usual prices. Spring is a unique time to discover the gardens, when they awaken,\u00a0 in the freshness of the wide palette of greens punctuated by numerous floral masses.<\/p>\r\n<p>&nbsp;<\/p>\r\n<p>&nbsp;<\/p>\r\n<h3>02 &#8211; SUNDAY APRIL 10, 2022 : Day of Leisure in Brittany<\/h3>\r\n\r\n\r\n\r\n<p>Under the impetus of the Haute-Bretagne Loisirs association and in partnership with Haute-Bretagne Ille-et-Vilaine, the\u00a0<a href=\"https:\/\/www.bretagne35.com\/actualites\/journee-des -leisure-in-brittany-2022\/\" target=\"_blank\" rel=\"noreferrer noopener\">Leisure Day in Brittany<\/a>\u00a0lives its 3rd edition.<\/p>\r\n\r\n\r\n\r\n<p>The Leisure Day in Brittany allows visitors to benefit from preferential entry to 15 sites in Ille-et-Vilaine and more than 80 in Brittany, to discover or rediscover leisure or visit sites near at home.<\/p>\r\n\r\n\r\n\r\n<p>Live this event at the Gardens of la Ballue!<\/p>\r\n\r\n\r\n\r\n<p><strong>Practical information<\/strong><br \/>For a purchased entry = the 2nd entry is at 50%.<\/p>\r\n<p>&nbsp;<\/p>\r\n<p>&nbsp;<\/p>\r\n<h3>03 &#8211; SATURDAY 7 &amp; SUNDAY 8 MAY, 2022 : Neurodon 2022<\/h3>\r\n\r\n\r\n\r\n<p><strong><em>For the 18th consecutive year at La Ballue<\/em><\/strong><\/p>\r\n\r\n\r\n\r\n<p>A great\u00a0<a href=\"https:\/\/www.laballuejardin.com\/blog\/evenements-recurrents\/neurodon\">exceptional weekend<\/a>, at the time when the gardens are awakening, which calls for solidarity. Each entrance to the garden will make it possible to donate 2\u20ac to the FRC, for the benefit of research on brain diseases.\u00a0<\/p>\r\n\r\n\r\n\r\n<p>This event is part of a special moment of magnificence of the gardens, with the apotheosis of wisteria and the freshness of the greens of the topiary and hornbeams.<\/p>\r\n\r\n\r\n\r\n<h4 class=\"wp-block-heading\"><em>NEURODON 2022 PRACTICAL INFORMATION<\/em><\/h4>\r\n\r\n\r\n\r\n<p><strong>Opening hours and conditions for Neurodon: 10 a.m. to 6:30 p.m. without interruption<br \/><\/strong><strong>Saturday 7 and Sunday 8\u00a0 May 2022<\/strong><\/p>\r\n\r\n\r\n\r\n<p>Admission: each paid entry allows you to donate \u20ac2 to the FRC<br \/>Rates: adults \u20ac10.50; 10-18 years \u20ac2; Free for children under 10.<\/p>\r\n\r\n\r\n\r\n<p>Information at\u00a0<a href=\"tel:+33299974786\">02 99 97 47 86<\/a><br \/>Email:\u00a0<a href=\"mailto:chateau@la-ballue.com\"> chateau@la-ballue.com<\/a><br \/>Website:\u00a0<a href=\"https:\/\/www.laballuejardin.com\/\">www.laballuejardin.com<\/a><br \/>Information on Neurodon:\u00a0<a href=\"http:\/\/www.frc.asso.fr\/\">www.frc.asso.fr<\/a><br \/>Address: Ch\u00e2teau de la Ballue &#8211; 35560 Bazouges-la -P\u00e9rouse\u00a0\u00a0<a href=\"https:\/\/www.laballuejardin.com\/blog\/evenements-recurrents\/neurodon\">MORE INFO<\/a><\/p>\r\n<p>&nbsp;<\/p>\r\n<p>&nbsp;<\/p>\r\n<h3><strong>04 &#8211; MAY 12 TO 15, 2022 : Topiaries, the Art and the Manner<\/strong><\/h3>\r\n\r\n\r\n\r\n<p><strong>A unique event in France<br \/><\/strong>For its 14th edition, this\u00a0<a href=\"https:\/\/www.laballuejardin.com\/blog\/evenements-recurrents\/topiaires-art- et-maniere\">unique event<\/a>\u00a0in France is associated this year with the first World Topiary Days created by\u00a0<a href=\"https:\/\/france.ebts. org\/\" target=\"_blank\" rel=\"noreferrer noopener\">the EBTS (European Boxwood Topiary Days).<\/a>\u00a0The\u00a0 the public will be able to attend various demonstrations of topiary pruning live in the gardens of La Ballue. Three gardeners from the castle will present their know-how and the different techniques used to prune and sculpt the plants. The choice of pruning tools, their conditions of use and their maintenance will be detailed in the \u201ctools\u201d workshop. The gardens of La Ballue have more than 1500 topiary subjects of great botanical diversity and form, from the most classic to the most sophisticated<\/p>\r\n\r\n\r\n\r\n<p><strong>Program<br \/><\/strong>The gardeners K\u00e9vin Spassevitch and Paul Alexandre Pel\u00e9 will give live demonstrations, sculpt various shapes and reveal all the secrets and techniques of topiary art. You will be able to attend demonstrations of training or maintenance pruning on hornbeam, boxwood, yew, osmanthus, ligustrum jonandrum or japonicum in topiary.<\/p>\r\n<p>Visitors to the Gardens of la Ballue will also have the opportunity to attend the presentation of the book on the gardens: &#8220;Variations sur un jardin&#8221;, published by P.H. Verlhac with photographs by Yann Monel and texts by Marianne Niermans.<br \/>You will also be able to discover the model of the gardens and topiaries created by Jacques Hennequin.<\/p>\r\n\r\n\r\n\r\n<p><strong>Everything you need to know about the boxwoods of La Ballue:<\/strong> <br \/>You will be able to admire in situ the botanical collection of boxwoods of the Jardins de la Ballue, which is approved by the CCVS (National Committee for Specialised Plant Collections) and attend a discussion on the problems and solutions linked to boxwood diseases.<\/p>\r\n\r\n\r\n\r\n<p><strong>Practical informations<\/strong><\/p>\r\n<p>Admission at the usual rates. Continuous entertainment during these 4 days. Gardens open from 10 am to 6.30 pm.\u00a0<\/p>\r\n<p><a href=\"https:\/\/www.laballuejardin.com\/blog\/evenements-recurrents\/topiaires-art-et-maniere\">MORE INFO<\/a><\/p>\r\n<p>&nbsp;<\/p>\r\n<h3><strong>05 &#8211; SUNDAY MAY 29, 2022 &#8211; 4 PM : Musical show \u00ab Young Love \u00bb<\/strong><\/h3>\r\n\r\n\r\n\r\n<p><em><strong>Texts by Jean de la Fontaine said by Christine Bayle. Music viola da gamba Marianne Muller<\/strong><\/em><\/p>\r\n\r\n\r\n\r\n<p>\u201cYoung Love\u201d at the Ch\u00e2teau de La Ballue<\/p>\r\n<p><br \/>We are happy to inform you of the coming to the Ch\u00e2teau de La Ballue of the musical show &#8220;Le jeune Amour&#8221; in two humorous, dramatic and tasty tales by Jean de La Fontaine : &#8220;La Matrone d&#8217;Eph\u00e8se&#8221; and &#8220;La Courtisane amoureuse\u201d.<\/p>\r\n\r\n\r\n\r\n\r\n\r\n<div class=\"wp-block-image\">\r\n<figure class=\"aligncenter\"><a href=\"https:\/\/www.laballuejardin.com\/wp-content\/uploads\/2022\/04\/1.-Le- young-love-scaled.jpg\"><img decoding=\"async\" class=\"wp-image-8221\" src=\"https:\/\/www.laballuejardin.com\/wp-content\/uploads\/2022\/04\/1.-Le-jeune-amour-1024x684.jpg\" alt=\" \" \/><\/a><\/figure>\r\n<\/div>\r\n\r\n\r\n\r\n<p>The two artists of the first Baroque movement, Christine Bayle, actress, and Marianne Muller on the viola da gamba, stimulate the scabrous situations, with subtleties and allusions to &#8220;La Matrone d&#8217;Eph\u00e8se&#8221; and &#8220;La Courtisane amoureuse&#8221; in intertwining the texts with the music of Ste Colombe,\u00a0 Marin Marais, Hume, De Machy, Dubuisson, Abel, and a piece by a talented contemporary composer, Bruno Giner.\u00a0<\/p>\r\n\r\n\r\n\r\n<p>In a gallant and ironic tone, La Fontaine scratches our certainties, promises and ready-made truths, and in doing so joins the discreet but present project of his friend Moli\u00e8re, to improve the human race. The choice fell on two dramatic love stories, the two tales by Jean de la Fontaine. We know the Fables well, much less the Tales, which are real news with action, suspense, and twist&#8230;..<\/p>\r\n\r\n\r\n\r\n<p>Show accessible\u00a0<strong>on reservation<\/strong>.<\/p>\r\n\r\n\r\n\r\n<p><strong>Prices<br \/><\/strong>\u2022 Entrance \u20ac25 full price<br \/>\u2022 \u20ac15 for students and 10-18 years old<br \/>\u2022 Free for children under 10 years old<\/p>\r\n<p>&nbsp;<\/p>\r\n<p>&nbsp;<\/p>\r\n<h3><strong>06 &#8211; FRIDAY 3, SATURDAY 4 &amp; SUNDAY, JUNE 5, 2022 : Rendez-vous to the Gardens 2022<\/strong><\/h3>\r\n\r\n\r\n\r\n<p>This year,\u00a0<a href=\"https:\/\/www.laballuejardin.com\/blog\/evenements-recurrents\/rdv-aux-jardins\">Rendez-vous aux Jardins<\/a>\u00a0 <a href=\"https:\/\/rendezvousauxjardins.culture.gouv.fr\/actualites\/preambule-du-ministere-de-la-culture\" target=\"_blank\" rel=\"noreferrer noopener\">national theme\u00a0<\/a> is : \u201cGardens in the face of climate change\u201d.<\/p>\r\n\r\n\r\n\r\n<p>Laureate in 2018 of the 2nd European prize for historic gardens by the EGHN network (&#8220;European Garden Heritage network&#8221;), the Gardens of La Ballue offer you a unique universe of scenery thanks to its playful and labyrinthine course, a real succession of plays with shadows and lights, which also has a special appeal for all children.<\/p>\r\n\r\n\r\n\r\n<p>A specific brochure is dedicated to them. This booklet, both fun and educational, allows them to discover the gardens and their architecture,\u00a0 botany,\u00a0 and the environmental approach to their management. There is a booklet for children under 9 and another for older children. All the children who have used the brochure will be rewarded.\u00a0<\/p>\r\n\r\n\r\n\r\n<h4 class=\"wp-block-heading\"><em>PROGRAM<\/em><\/h4>\r\n\r\n\r\n\r\n<p><strong>Friday, June 3, 2022<br \/><\/strong>Schools welcome for an educational visit (by appointment).<\/p>\r\n\r\n\r\n\r\n<p><strong>Saturday June 4, 2022\u00a0<br \/>11 a.m.:<\/strong>\u00a0conference\/guided tour:\u00a0<em><strong>The Gardens of la Ballue in the face of climate change: findings, management plan , implemented.<br \/><\/strong><\/em><strong>In the afternoon<\/strong>\u00a0: dance performance by the company HORSMOTS\u00a0 :\u00a0<em>&#8220;En finir, \u00e0 n&#8217;en plus en plus&#8230;&#8221;, <\/em>a choreographic piece created around 15 dancers in 6 tableaux, on the theme of dance marathons organized on the west coast of the United States in the 1930s.<\/p>\r\n\r\n\r\n\r\n<p><strong>Sunday, June 5, 2022<br \/>11 a.m.:<\/strong>\u00a0conference\/guided tour:\u00a0<em><strong>The Gardens of la Ballue in the face of climate change: findings, management plan, implemented.<br \/><\/strong><\/em><strong>Afternoon<\/strong>\u00a0: performance of the musicians and dancers of the M\u00e9nestraudie, early music ensemble and medieval dancers.<\/p>\r\n\r\n\r\n\r\n<h4 class=\"wp-block-heading\"><em>PRACTICAL INFORMATION<\/em><\/h4>\r\n\r\n\r\n\r\n<p><strong>Throughout the weekend<br \/><\/strong>Individual rates:<br \/>\u2022 \u20ac9.50\u00a0 for adults<br \/>\u2022 \u20ac7.50\u00a0 for 12-18 year olds, students and job seekers<br \/>\u2022 Free for children under 10 accompanied by their parents<\/p>\r\n\r\n\r\n\r\n<p>A visit brochure with a plan and a botanical index is given at the entrance to the Gardens to each visitor.<\/p>\r\n\r\n\r\n\r\n<p>Specific opening hours\u00a0:\u00a0<strong>for Rendez-vous to the Gardens, the Gardens of la Ballue are open from 9 a.m. until 7 p.m.\u00a0<br \/><\/strong><\/p>\r\n<p><a href=\"https:\/\/www.laballuejardin.com\/blog\/events-recurrent\/rdv-aux-jardins\">MORE INFO<\/a><\/p>\r\n<p>&nbsp;<\/p>\r\n<p>&nbsp;<\/p>\r\n<h3><strong>07 &#8211; END OF JUNE TO END OF SEPTEMBER 2022 : Contemporary art exhibition by L\u00e9a B\u00c9N\u00c9TOU<\/strong>\r\n\r\n<\/h3>\r\n<p>An exhibition produced in partnership with &#8220;Le Village&#8221;, an artistic experimentation site in Bazouges-la-P\u00e9rouse, and the Fund of Contemporary Art of the city of Rennes.<\/p>\r\n<p>\r\n\r\n<\/p>\r\n<p>The visual artist L\u00e9a B\u00e9n\u00e9tou, whose work is essentially nourished by architecture, introduces you to her \u201ccastles\u201d series, astonishing creations on tiles, and her colorful ceramics.<\/p>\r\n<p>&nbsp;<\/p>\r\n<p>&nbsp;<\/p>\r\n<h3>08 &#8211; 26 JUNE 2022 : Extension Sauvage<\/h3>\r\n<p>\r\n\r\n<\/p>\r\n<p>The extraordinary choreographic adventure of <a href=\"https:\/\/www.laballuejardin.com\/blog\/evenements-recurrents\/extension-sauvage\">Extension sauvage<\/a> in the Gardens of la Ballue continues for an eleventh edition. Take a seat in the Th\u00e9\u00e2tre de Verdure and let yourself be transported by this striking ballet.<\/p>\r\n<p>\r\n\r\n<\/p>\r\n<h4 class=\"wp-block-heading\"><em>THE PROGRAM<\/em><\/h4>\r\n<p>\r\n\r\n<\/p>\r\n<p>See you in Comboug on Saturday June 25 for a pre-festival in public spaces.<\/p>\r\n<p>\r\n\r\n<\/p>\r\n<p><strong>Sunday, June 26, 2022 (access to the gardens reserved for festival-goers)<br \/><\/strong>The Extension Sauvage festival will once again take up residence in the Jardins de la Ballue to present,\u00a0 over an entire afternoon, major pieces from the history of dance and more recent creations.<br \/>Come and applaud the performances of choreographers and dancers from all over the world. Some shows will be given in the open-air theater, a veritable all-vegetal theater, a remarkable piece in the garden. Others coins will be offered in the magnificent and wild setting of the alleys and banks of the Ballue pond.<\/p>\r\n<p>\r\n\r\n<\/p>\r\n<p>With on the program this year: Pauline Brun, Corentin Diana &amp; Leonardo Ferreira, Vania Vaneau, Ana Rita T\u00e9odoro, Books on the Move, Antonia Baehr, Flora D\u00e9traz, Guillaume Baillart &#8230; and many other surprises around the gardens and woods.<\/p>\r\n<p>\r\n\r\n<\/p>\r\n<p><strong>Saturday July 2, 2022<br \/><\/strong>Outdoor cinema night screening at the edge\u00a0 pond (in partnership with FRAC Bretagne in 2021)<\/p>\r\n<p>\r\n\r\n<\/p>\r\n<p><strong><a href=\"http:\/\/www.extensionsauvage.com\/\">Find out more<\/a>\u00a0\u00a0<\/strong><\/p>\r\n<p>\r\n\r\n<\/p>\r\n<h4 class=\"wp-block-heading\"><em>PRACTICAL INFORMATION (PRICES TO BE CONFIRMED)<\/em><\/h4>\r\n<p>\r\n\r\n<\/p>\r\n<p>More information on\u00a0<a href=\"https:\/\/extensionsauvage.com\/\" target=\"_blank\" rel=\"noreferrer noopener\">the Extension Sauvage website.<\/a><\/p>\r\n<p>\r\n\r\n<\/p>\r\n<p>\u2022 Full price: \u20ac13<br \/>\u2022 Reduced price (10 to 18 years old, students, job seekers): \u20ac8<br \/>\u2022 Free: under 10<br \/>\u2022 Group pass (from of 10 people): \u20ac8 per person<\/p>\r\n<p>\r\n\r\n<\/p>\r\n<p>(access to the gardens, all the shows and the festival bar)<\/p>\r\n<p>\r\n\r\n<\/p>\r\n<p>Light catering possible on site on Sunday lunchtime.\u00a0\u00a0 \u00a0<\/p>\r\n<p><a href=\"https:\/\/www.laballuejardin.com\/blog\/evenements-recurrents\/extension-sauvage\">MORE INFO<\/a><\/p>\r\n<p>&nbsp;<\/p>\r\n<p>&nbsp;<\/p>\r\n<h3>09 &#8211; SUNDAY JULY 24, 2022 : Queen Mary, a baroque opera show \r\n\r\n<\/h3>\r\n<h4 class=\"wp-block-heading\"><em>PRESENTATION<\/em><\/h4>\r\n<p>\r\n\r\n<\/p>\r\n<p>Arma\u00a0<a href=\"https:\/\/www.laballuejardin.com\/blog\/evenements-recurrents\/barokopera\">barok Op\u00e9ra<\/a>\u00a0and Barok Op\u00e9ra Amsterdam present\u00a0the\u00a0<em><strong>Queen Mary<\/strong><\/em>\u00a0by English Baroque composer Henry Purcell, conducted by Fr\u00e9d\u00e9rique Chauvet.<\/p>\r\n<p>\r\n\r\n<\/p>\r\n<p>Let yourself be enchanted by this musical, historical and funny saga, on the magnificent music that Purcell wrote for Queen Mary Stuart II and her Dutch husband William of Orange III, who became Queen and King of England at the end of the 17th century. You will be transported to the English court at the end of the 17th century. A look at Europe at the time, dominated by France, England and the Netherlands.\u00a0<\/p>\r\n<p>\r\n\r\n<\/p>\r\n<p>Purcell, a brilliant courtier, knows how to sublimate the formal orders imposed on him by composing inspired music. He transcends his subject, just like the traditional forms he inherited, to invent new musical genres.<\/p>\r\n<p>\r\n\r\n<\/p>\r\n<p>This performance, successfully performed at the Concertgebouw in Amsterdam and in Dutch theatres, will take place at the Ch\u00e2teau et Jardins de la Ballue on Sunday July 24, 2022, at 6.30 p.m.\u00a0\u00a0<\/p>\r\n<p>\r\n\r\n<\/p>\r\n<p>The ARMA initiated the Complete Works of Purcell as part of the Summer Operas in Brittany in 2002.<\/p>\r\n<p>\r\n\r\n<\/p>\r\n<h4 class=\"wp-block-heading\"><em>PRACTICAL INFORMATION<\/em><\/h4>\r\n<p>\r\n\r\n<\/p>\r\n<p>Show accessible\u00a0<strong>on reservation<\/strong>.<\/p>\r\n<p>\r\n\r\n<\/p>\r\n<p><strong>Prices<br \/><\/strong>\u2022 Entry \u20ac30 full price<br \/>\u2022 \u20ac15 for students and 10-18 year olds<br \/>\u2022 Free for children under 10<\/p>\r\n<p>\r\n\r\n<\/p>\r\n<p>Outdoor show weather permitting in the natural setting and magnificent acoustics of the main courtyard of the Ch\u00e2teau de la Ballue.\u00a0\u00a0<\/p>\r\n<p><a href=\"https:\/\/www.laballuejardin.com \/blog\/events-recurrent\/barokopera\">MORE INFO<\/a><\/p>\r\n<p>&nbsp;<\/p>\r\n<p>&nbsp;<\/p>\r\n<h3>10 &#8211; FRIDAY AUGUST 5 &#8211; 6PM : Concert with the Trio In Beve (2 guitars and cello) : \u201c Music Essentials \u00bb \r\n\r\n<\/h3>\r\n<p>Three talented classical musicians for an entertaining, not so classical concert. Fr\u00e9d\u00e9ric Bernard and \u00c9ric Franceries on guitar, Igor Kirichenko on cello.<\/p>\r\n<p>\r\n\r\n<\/p>\r\n<p>These 3 talents offer you a program in four parts (Classical, Opera, Jazz and Film music), presenting very well-known themes, belonging to the musical heritage.<br \/>A great success that critics continue to acclaim. Music by Albinoni, Albeniz, Rossini, Bizet, Kosma, Dave Brubeck, Nino Rota, Th\u00e9odorakis&#8230;<\/p>\r\n<p>\r\n\r\n<\/p>\r\n<p>We will meet for this beautiful concert on Friday August 5 at 6 p.m. at the Ch\u00e2teau de la Ballue.<\/p>\r\n<p>\r\n\r\n<\/p>\r\n<p>Show accessible\u00a0<strong>on reservation<\/strong>.<\/p>\r\n<p>\r\n\r\n<\/p>\r\n<p><strong>Prices<br \/><\/strong>\u2022 Entry \u20ac30 full price<br \/>\u2022 \u20ac15 for students and 10-18 year olds<br \/>\u2022 Free for children under 10<\/p>\r\n<p>&nbsp;<\/p>\r\n<p>&nbsp;<\/p>\r\n<h3>11 &#8211; AUGUST 18 TO 21, 2022 : Theatrical show \u201cTales of Past Times: Three Tales by Charles Perrault\u201d<\/h3>\r\n<p>\r\n\r\n<\/p>\r\n<p>This original show was created by the Th\u00e9\u00e2tre de la Demeure and will be presented in the open-air theater of the Ballue gardens. Director and actress Alexandra R\u00fcbner. Musical creation Jean-Luc Tamby (guitar and theorbo).<\/p>\r\n<p>\r\n\r\n<\/p>\r\n<p>Two performances:<br \/>\u2022 Children&#8217;s version with Petit Pouc\u00e9 and Puss in Boots<br \/>\u2022 General public version with Petit Pouc\u00e9, Puss in Boots and Donkey Skin.<\/p>\r\n<p>\r\n\r\n<\/p>\r\n<h4 class=\"wp-block-heading\"><em>PRACTICAL INFORMATION<\/em><\/h4>\r\n<p>\r\n\r\n<\/p>\r\n<p>At the end of the afternoon, in the open-air theater of the gardens.<\/p>\r\n<p>\r\n\r\n<\/p>\r\n<p>Two performances are scheduled: Friday August 19 and Saturday August 20, 2022. (times to come)\u00a0<\/p>\r\n<p>&nbsp;<\/p>\r\n<p>&nbsp;<\/p>\r\n<h3>12 &#8211; 16, 17 &amp; SEPTEMBER 18, 2022 : Celebrating Heritage Days at La Ballue<\/h3>\r\n<p>\r\n\r\n<\/p>\r\n<p><strong><em>National theme for this 39th edition: Sustainable Heritage<\/em><\/strong><\/p>\r\n<p>\r\n\r\n<\/p>\r\n<p>On September 16, 17 and 18, 2022,\u00a0 come and take part in this\u00a0<a href=\"https:\/\/www.laballuejardin.com\/blog\/evenements-recurrents\/journees-du-patrimoine\">great heritage festival<\/a> at the Ch\u00e2teau and Gardens of La Ballue, Historical Monuments of the 17th century.\u00a0<\/p>\r\n<p>\r\n\r\n<\/p>\r\n<p>Enjoy an exceptional visit commented by the owners of the interiors of the castle. Unravel the mysteries of the ancient fortress of the &#8220;Marches de Bretagnes&#8221; that La Ballue was for 600 years and follow the extraordinary journey of the astonishing builder of the current castle, Gilles de Ruellan.\u00a0<\/p>\r\n<p>\r\n\r\n<\/p>\r\n<h4 class=\"wp-block-heading\"><em>PROGRAM<\/em><\/h4>\r\n<p>\r\n\r\n<\/p>\r\n<p>Behind the scenes of a restoration<\/p>\r\n<p>\r\n\r\n<\/p>\r\n<p>Attend demonstrations and explanations by two heritage craftsmen during their restoration work at the Ch\u00e2teau de la Ballue. Discover the know-how of masons for the restoration of a 17th century wall and that of a cabinetmaker for the restoration of windows and doors.\u00a0<\/p>\r\n<p>\r\n\r\n<\/p>\r\n<p>Saturday 17 September: ancient fencing show by the Lames de S\u00e9vign\u00e9.<\/p>\r\n<p>\r\n\r\n<\/p>\r\n<p>Sunday 18 September: demonstration by heritage artisans.<\/p>\r\n<p>\r\n\r\n<\/p>\r\n<p>The two days, historical tour guided and commented by the owners of the interiors of the 17th century Ch\u00e2teau.\u00a0<\/p>\r\n<p>\r\n\r\n<\/p>\r\n<h4 class=\"wp-block-heading\"><em>PRACTICAL INFORMATION<\/em><\/h4>\r\n<p>\r\n\r\n<\/p>\r\n<p>School groups can be welcomed at the Ch\u00e2teau and Gardens of la Ballue on Fridays, by reservation.\u00a0<\/p>\r\n<p>\r\n\r\n<\/p>\r\n<p><strong>Exceptional opening hours for these European Heritage Days: 9 a.m. to 7 p.m. without interruption.<\/strong><\/p>\r\n<p>\r\n\r\n<\/p>\r\n<p>Guided tour of the interiors Saturday and Sunday: 11 a.m. &#8211; 2 p.m. &#8211; 3:30 p.m. &#8211; 5 p.m.<br \/><strong>Pre-reservation by email at <a href=\"mailto:chateau@la-ballue.com\">chateau@la -ballue.com<\/a> or by phone at 02 99 97 47 86 is recommended as we will limit the size of groups for interior visits<\/strong>.<\/p>\r\n<p>\r\n\r\n<\/p>\r\n<p><strong>Rates<br \/><\/strong>Admission at the usual prices.\u00a0<strong>The guided tour of the interiors is offered<\/strong>.<\/p>\r\n<p>\r\n\r\n<\/p>\r\n<p>Free visit of the gardens with detailed map and historical notice.<\/p>\r\n<p>\r\n\r\n<\/p>\r\n<p><a href=\"https:\/\/ www.laballuejardin.com\/blog\/evenements-recurrents\/journees-du-patrimoine\">MORE INFO<\/a><\/p>\r\n<p>&nbsp;<\/p>\r\n<p>&nbsp;<\/p>\r\n<h3>13 &#8211; SATURDAY 22 AND SUNDAY 23 OCTOBER 2022 : Night of the Castles at La Ballue<\/h3>\r\n<p>\r\n\r\n<\/p>\r\n<p><em><strong>In partnership with the Demeure Historique and Dartagnans<\/strong><\/em><\/p>\r\n<p>\r\n\r\n<\/p>\r\n<p>For its 4th edition, the\u00a0<a href=\"https:\/\/www.laballuejardin.com\/blog\/evenements-recurrents\/nuit-des-chateaux\">Nuit des Ch\u00e2teaux<\/a>\u00a0 once again at the Ch\u00e2teau et Gardens of la Ballue. During these exceptional nights, hundreds of castles all over France will open their doors at nightfall for a magical break.\u00a0<\/p>\r\n<p>\r\n\r\n<\/p>\r\n<p>Until 10:30 p.m., join the Ch\u00e2teau and the Gardens of La Ballue for a unique nighttime experience.<\/p>\r\n<p>\r\n\r\n<\/p>\r\n<h4 class=\"wp-block-heading\"><em>PROVISIONAL PROGRAM<\/em><\/h4>\r\n<p>\r\n\r\n<\/p>\r\n<p>\u2022 Historic guided tour by candlelight<br \/>\u2022 Small snack of regional products offered\u00a0<br \/>\u2022 Animations<\/p>\r\n<p>\r\n\r\n<\/p>\r\n<h4 class=\"wp-block-heading\"><em>PRACTICAL INFORMATION<\/em><\/h4>\r\n<p>\r\n\r\n<\/p>\r\n<p>\u2022 Entrance fee (prices to come)<\/p>\r\n<p>\u00a0<a href=\"https:\/\/www.laballuejardin.com\/blog\/evenements-recurrents\/nuit-des-chateaux\">MORE INFO <\/a><\/p>\r\n<p><\/p>","protected":false},"excerpt":{"rendered":"<p>MUSICAL EVENTS, CULTURAL EVENTS and GARDENERS &#8211; SEASON 2022 &#8211; [&hellip;]<\/p>\n","protected":false},"author":3,"featured_media":4625,"comment_status":"closed","ping_status":"closed","sticky":false,"template":"","format":"standard","meta":{"footnotes":""},"categories":[20,2],"tags":[],"class_list":["post-4650","post","type-post","status-publish","format-standard","has-post-thumbnail","hentry","category-evenements-en","category-events"],"yoast_head":"<!-- This site is optimized with the Yoast SEO plugin v25.2 - https:\/\/yoast.com\/wordpress\/plugins\/seo\/ -->\n<title>Animations and Cultural Program of the year 2022 - Jardins de la Ballue<\/title>\n<meta name=\"description\" content=\"Suivez l&#039;actualit\u00e9 des Jardins de la Ballue au fil des saisons et des \u00e9v\u00e8nements.\" \/>\n<meta name=\"robots\" content=\"index, follow, max-snippet:-1, max-image-preview:large, max-video-preview:-1\" \/>\n<link rel=\"canonical\" href=\"https:\/\/www.laballuejardin.com\/en\/events\/animations-and-cultural-program-of-the-year-2022\" \/>\n<meta property=\"og:locale\" content=\"en_US\" \/>\n<meta property=\"og:type\" content=\"article\" \/>\n<meta property=\"og:title\" content=\"Animations and Cultural Program of the year 2022 - Jardins de la Ballue\" \/>\n<meta property=\"og:description\" content=\"Suivez l&#039;actualit\u00e9 des Jardins de la Ballue au fil des saisons et des \u00e9v\u00e8nements.\" \/>\n<meta property=\"og:url\" content=\"https:\/\/www.laballuejardin.com\/en\/events\/animations-and-cultural-program-of-the-year-2022\" \/>\n<meta property=\"og:site_name\" content=\"Les Jardins de la Ballue\" \/>\n<meta property=\"article:publisher\" content=\"https:\/\/www.facebook.com\/LaBalluesonchateauetsesjardins\" \/>\n<meta property=\"article:published_time\" content=\"2022-05-06T12:36:20+00:00\" \/>\n<meta property=\"article:modified_time\" content=\"2022-05-20T12:28:22+00:00\" \/>\n<meta property=\"og:image\" content=\"https:\/\/www.laballuejardin.com\/wp-content\/uploads\/2022\/05\/Cha\u0302teau-de-la-Ballue-Vue-ae\u0301rienne-1-\u00a9-Pierre-Holley-1200x825-1.jpg\" \/>\n\t<meta property=\"og:image:width\" content=\"1200\" \/>\n\t<meta property=\"og:image:height\" content=\"825\" \/>\n\t<meta property=\"og:image:type\" content=\"image\/jpeg\" \/>\n<meta name=\"author\" content=\"Les Jardins de La Ballue\" \/>\n<meta name=\"twitter:card\" content=\"summary_large_image\" \/>\n<script type=\"application\/ld+json\" class=\"yoast-schema-graph\">{\"@context\":\"https:\/\/schema.org\",\"@graph\":[{\"@type\":\"Article\",\"@id\":\"https:\/\/www.laballuejardin.com\/en\/events\/animations-and-cultural-program-of-the-year-2022#article\",\"isPartOf\":{\"@id\":\"https:\/\/www.laballuejardin.com\/en\/events\/animations-and-cultural-program-of-the-year-2022\"},\"author\":{\"name\":\"Les Jardins de La Ballue\",\"@id\":\"https:\/\/www.laballuejardin.com\/en\/#\/schema\/person\/f2c026be0f87e46c86fd11055f1a87f5\"},\"headline\":\"Animations and Cultural Program of the year 2022\",\"datePublished\":\"2022-05-06T12:36:20+00:00\",\"dateModified\":\"2022-05-20T12:28:22+00:00\",\"mainEntityOfPage\":{\"@id\":\"https:\/\/www.laballuejardin.com\/en\/events\/animations-and-cultural-program-of-the-year-2022\"},\"wordCount\":2481,\"publisher\":{\"@id\":\"https:\/\/www.laballuejardin.com\/en\/#organization\"},\"image\":{\"@id\":\"https:\/\/www.laballuejardin.com\/en\/events\/animations-and-cultural-program-of-the-year-2022#primaryimage\"},\"thumbnailUrl\":\"https:\/\/www.laballuejardin.com\/wp-content\/uploads\/2022\/05\/Cha\u0302teau-de-la-Ballue-Vue-ae\u0301rienne-1-\u00a9-Pierre-Holley-1200x825-1.jpg\",\"articleSection\":[\"Ev\u00e8nements\",\"Events\"],\"inLanguage\":\"en-US\"},{\"@type\":\"WebPage\",\"@id\":\"https:\/\/www.laballuejardin.com\/en\/events\/animations-and-cultural-program-of-the-year-2022\",\"url\":\"https:\/\/www.laballuejardin.com\/en\/events\/animations-and-cultural-program-of-the-year-2022\",\"name\":\"Animations and Cultural Program of the year 2022 - Jardins de la Ballue\",\"isPartOf\":{\"@id\":\"https:\/\/www.laballuejardin.com\/en\/#website\"},\"primaryImageOfPage\":{\"@id\":\"https:\/\/www.laballuejardin.com\/en\/events\/animations-and-cultural-program-of-the-year-2022#primaryimage\"},\"image\":{\"@id\":\"https:\/\/www.laballuejardin.com\/en\/events\/animations-and-cultural-program-of-the-year-2022#primaryimage\"},\"thumbnailUrl\":\"https:\/\/www.laballuejardin.com\/wp-content\/uploads\/2022\/05\/Cha\u0302teau-de-la-Ballue-Vue-ae\u0301rienne-1-\u00a9-Pierre-Holley-1200x825-1.jpg\",\"datePublished\":\"2022-05-06T12:36:20+00:00\",\"dateModified\":\"2022-05-20T12:28:22+00:00\",\"description\":\"Suivez l'actualit\u00e9 des Jardins de la Ballue au fil des saisons et des \u00e9v\u00e8nements.\",\"breadcrumb\":{\"@id\":\"https:\/\/www.laballuejardin.com\/en\/events\/animations-and-cultural-program-of-the-year-2022#breadcrumb\"},\"inLanguage\":\"en-US\",\"potentialAction\":[{\"@type\":\"ReadAction\",\"target\":[\"https:\/\/www.laballuejardin.com\/en\/events\/animations-and-cultural-program-of-the-year-2022\"]}]},{\"@type\":\"ImageObject\",\"inLanguage\":\"en-US\",\"@id\":\"https:\/\/www.laballuejardin.com\/en\/events\/animations-and-cultural-program-of-the-year-2022#primaryimage\",\"url\":\"https:\/\/www.laballuejardin.com\/wp-content\/uploads\/2022\/05\/Cha\u0302teau-de-la-Ballue-Vue-ae\u0301rienne-1-\u00a9-Pierre-Holley-1200x825-1.jpg\",\"contentUrl\":\"https:\/\/www.laballuejardin.com\/wp-content\/uploads\/2022\/05\/Cha\u0302teau-de-la-Ballue-Vue-ae\u0301rienne-1-\u00a9-Pierre-Holley-1200x825-1.jpg\",\"width\":1200,\"height\":825},{\"@type\":\"BreadcrumbList\",\"@id\":\"https:\/\/www.laballuejardin.com\/en\/events\/animations-and-cultural-program-of-the-year-2022#breadcrumb\",\"itemListElement\":[{\"@type\":\"ListItem\",\"position\":1,\"name\":\"Accueil\",\"item\":\"https:\/\/www.laballuejardin.com\/en\"},{\"@type\":\"ListItem\",\"position\":2,\"name\":\"Animations and Cultural Program of the year 2022\"}]},{\"@type\":\"WebSite\",\"@id\":\"https:\/\/www.laballuejardin.com\/en\/#website\",\"url\":\"https:\/\/www.laballuejardin.com\/en\/\",\"name\":\"Les Jardins de la Ballue\",\"description\":\"Joyaux du patrimoine d&#039;Ile et Vilaine\",\"publisher\":{\"@id\":\"https:\/\/www.laballuejardin.com\/en\/#organization\"},\"potentialAction\":[{\"@type\":\"SearchAction\",\"target\":{\"@type\":\"EntryPoint\",\"urlTemplate\":\"https:\/\/www.laballuejardin.com\/en\/?s={search_term_string}\"},\"query-input\":{\"@type\":\"PropertyValueSpecification\",\"valueRequired\":true,\"valueName\":\"search_term_string\"}}],\"inLanguage\":\"en-US\"},{\"@type\":\"Organization\",\"@id\":\"https:\/\/www.laballuejardin.com\/en\/#organization\",\"name\":\"les Jardins du ch\u00e2teau de la Ballue\",\"url\":\"https:\/\/www.laballuejardin.com\/en\/\",\"logo\":{\"@type\":\"ImageObject\",\"inLanguage\":\"en-US\",\"@id\":\"https:\/\/www.laballuejardin.com\/en\/#\/schema\/logo\/image\/\",\"url\":\"https:\/\/www.laballuejardin.com\/wp-content\/uploads\/2014\/12\/la-ballue-logo1.jpg\",\"contentUrl\":\"https:\/\/www.laballuejardin.com\/wp-content\/uploads\/2014\/12\/la-ballue-logo1.jpg\",\"width\":297,\"height\":69,\"caption\":\"les Jardins du ch\u00e2teau de la Ballue\"},\"image\":{\"@id\":\"https:\/\/www.laballuejardin.com\/en\/#\/schema\/logo\/image\/\"},\"sameAs\":[\"https:\/\/www.facebook.com\/LaBalluesonchateauetsesjardins\",\"https:\/\/www.instagram.com\/chateaudelaballue\/\",\"https:\/\/www.linkedin.com\/in\/marie-fran\u00e7oise-mathiot-mathon-17453a87?originalSubdomain=fr\",\"https:\/\/www.pinterest.fr\/laballue\/_created\/\",\"https:\/\/fr.wikipedia.org\/wiki\/Ch\u00e2teau_de_la_Ballue\"]},{\"@type\":\"Person\",\"@id\":\"https:\/\/www.laballuejardin.com\/en\/#\/schema\/person\/f2c026be0f87e46c86fd11055f1a87f5\",\"name\":\"Les Jardins de La Ballue\",\"description\":\"\u00c0 quelques kilom\u00e8tres du Mont-Saint-Michel, un univers enchant\u00e9 r\u00e9serve des surprises \u00e0 ceux qui s\u2019y aventurent. Vous d\u00e9couvrez en arrivant un paysage vallonn\u00e9 baign\u00e9 de cette lumi\u00e8re si caract\u00e9ristique \u00e0 la Bretagne et qui, d\u00e9couverte par les impressionnistes, inspira depuis de nombreux peintres.\"}]}<\/script>\n<!-- \/ Yoast SEO plugin. -->","yoast_head_json":{"title":"Animations and Cultural Program of the year 2022 - Jardins de la Ballue","description":"Suivez l'actualit\u00e9 des Jardins de la Ballue au fil des saisons et des \u00e9v\u00e8nements.","robots":{"index":"index","follow":"follow","max-snippet":"max-snippet:-1","max-image-preview":"max-image-preview:large","max-video-preview":"max-video-preview:-1"},"canonical":"https:\/\/www.laballuejardin.com\/en\/events\/animations-and-cultural-program-of-the-year-2022","og_locale":"en_US","og_type":"article","og_title":"Animations and Cultural Program of the year 2022 - Jardins de la Ballue","og_description":"Suivez l'actualit\u00e9 des Jardins de la Ballue au fil des saisons et des \u00e9v\u00e8nements.","og_url":"https:\/\/www.laballuejardin.com\/en\/events\/animations-and-cultural-program-of-the-year-2022","og_site_name":"Les Jardins de la Ballue","article_publisher":"https:\/\/www.facebook.com\/LaBalluesonchateauetsesjardins","article_published_time":"2022-05-06T12:36:20+00:00","article_modified_time":"2022-05-20T12:28:22+00:00","og_image":[{"width":1200,"height":825,"url":"https:\/\/www.laballuejardin.com\/wp-content\/uploads\/2022\/05\/Cha\u0302teau-de-la-Ballue-Vue-ae\u0301rienne-1-\u00a9-Pierre-Holley-1200x825-1.jpg","type":"image\/jpeg"}],"author":"Les Jardins de La Ballue","twitter_card":"summary_large_image","schema":{"@context":"https:\/\/schema.org","@graph":[{"@type":"Article","@id":"https:\/\/www.laballuejardin.com\/en\/events\/animations-and-cultural-program-of-the-year-2022#article","isPartOf":{"@id":"https:\/\/www.laballuejardin.com\/en\/events\/animations-and-cultural-program-of-the-year-2022"},"author":{"name":"Les Jardins de La Ballue","@id":"https:\/\/www.laballuejardin.com\/en\/#\/schema\/person\/f2c026be0f87e46c86fd11055f1a87f5"},"headline":"Animations and Cultural Program of the year 2022","datePublished":"2022-05-06T12:36:20+00:00","dateModified":"2022-05-20T12:28:22+00:00","mainEntityOfPage":{"@id":"https:\/\/www.laballuejardin.com\/en\/events\/animations-and-cultural-program-of-the-year-2022"},"wordCount":2481,"publisher":{"@id":"https:\/\/www.laballuejardin.com\/en\/#organization"},"image":{"@id":"https:\/\/www.laballuejardin.com\/en\/events\/animations-and-cultural-program-of-the-year-2022#primaryimage"},"thumbnailUrl":"https:\/\/www.laballuejardin.com\/wp-content\/uploads\/2022\/05\/Cha\u0302teau-de-la-Ballue-Vue-ae\u0301rienne-1-\u00a9-Pierre-Holley-1200x825-1.jpg","articleSection":["Ev\u00e8nements","Events"],"inLanguage":"en-US"},{"@type":"WebPage","@id":"https:\/\/www.laballuejardin.com\/en\/events\/animations-and-cultural-program-of-the-year-2022","url":"https:\/\/www.laballuejardin.com\/en\/events\/animations-and-cultural-program-of-the-year-2022","name":"Animations and Cultural Program of the year 2022 - Jardins de la Ballue","isPartOf":{"@id":"https:\/\/www.laballuejardin.com\/en\/#website"},"primaryImageOfPage":{"@id":"https:\/\/www.laballuejardin.com\/en\/events\/animations-and-cultural-program-of-the-year-2022#primaryimage"},"image":{"@id":"https:\/\/www.laballuejardin.com\/en\/events\/animations-and-cultural-program-of-the-year-2022#primaryimage"},"thumbnailUrl":"https:\/\/www.laballuejardin.com\/wp-content\/uploads\/2022\/05\/Cha\u0302teau-de-la-Ballue-Vue-ae\u0301rienne-1-\u00a9-Pierre-Holley-1200x825-1.jpg","datePublished":"2022-05-06T12:36:20+00:00","dateModified":"2022-05-20T12:28:22+00:00","description":"Suivez l'actualit\u00e9 des Jardins de la Ballue au fil des saisons et des \u00e9v\u00e8nements.","breadcrumb":{"@id":"https:\/\/www.laballuejardin.com\/en\/events\/animations-and-cultural-program-of-the-year-2022#breadcrumb"},"inLanguage":"en-US","potentialAction":[{"@type":"ReadAction","target":["https:\/\/www.laballuejardin.com\/en\/events\/animations-and-cultural-program-of-the-year-2022"]}]},{"@type":"ImageObject","inLanguage":"en-US","@id":"https:\/\/www.laballuejardin.com\/en\/events\/animations-and-cultural-program-of-the-year-2022#primaryimage","url":"https:\/\/www.laballuejardin.com\/wp-content\/uploads\/2022\/05\/Cha\u0302teau-de-la-Ballue-Vue-ae\u0301rienne-1-\u00a9-Pierre-Holley-1200x825-1.jpg","contentUrl":"https:\/\/www.laballuejardin.com\/wp-content\/uploads\/2022\/05\/Cha\u0302teau-de-la-Ballue-Vue-ae\u0301rienne-1-\u00a9-Pierre-Holley-1200x825-1.jpg","width":1200,"height":825},{"@type":"BreadcrumbList","@id":"https:\/\/www.laballuejardin.com\/en\/events\/animations-and-cultural-program-of-the-year-2022#breadcrumb","itemListElement":[{"@type":"ListItem","position":1,"name":"Accueil","item":"https:\/\/www.laballuejardin.com\/en"},{"@type":"ListItem","position":2,"name":"Animations and Cultural Program of the year 2022"}]},{"@type":"WebSite","@id":"https:\/\/www.laballuejardin.com\/en\/#website","url":"https:\/\/www.laballuejardin.com\/en\/","name":"Les Jardins de la Ballue","description":"Joyaux du patrimoine d&#039;Ile et Vilaine","publisher":{"@id":"https:\/\/www.laballuejardin.com\/en\/#organization"},"potentialAction":[{"@type":"SearchAction","target":{"@type":"EntryPoint","urlTemplate":"https:\/\/www.laballuejardin.com\/en\/?s={search_term_string}"},"query-input":{"@type":"PropertyValueSpecification","valueRequired":true,"valueName":"search_term_string"}}],"inLanguage":"en-US"},{"@type":"Organization","@id":"https:\/\/www.laballuejardin.com\/en\/#organization","name":"les Jardins du ch\u00e2teau de la Ballue","url":"https:\/\/www.laballuejardin.com\/en\/","logo":{"@type":"ImageObject","inLanguage":"en-US","@id":"https:\/\/www.laballuejardin.com\/en\/#\/schema\/logo\/image\/","url":"https:\/\/www.laballuejardin.com\/wp-content\/uploads\/2014\/12\/la-ballue-logo1.jpg","contentUrl":"https:\/\/www.laballuejardin.com\/wp-content\/uploads\/2014\/12\/la-ballue-logo1.jpg","width":297,"height":69,"caption":"les Jardins du ch\u00e2teau de la Ballue"},"image":{"@id":"https:\/\/www.laballuejardin.com\/en\/#\/schema\/logo\/image\/"},"sameAs":["https:\/\/www.facebook.com\/LaBalluesonchateauetsesjardins","https:\/\/www.instagram.com\/chateaudelaballue\/","https:\/\/www.linkedin.com\/in\/marie-fran\u00e7oise-mathiot-mathon-17453a87?originalSubdomain=fr","https:\/\/www.pinterest.fr\/laballue\/_created\/","https:\/\/fr.wikipedia.org\/wiki\/Ch\u00e2teau_de_la_Ballue"]},{"@type":"Person","@id":"https:\/\/www.laballuejardin.com\/en\/#\/schema\/person\/f2c026be0f87e46c86fd11055f1a87f5","name":"Les Jardins de La Ballue","description":"\u00c0 quelques kilom\u00e8tres du Mont-Saint-Michel, un univers enchant\u00e9 r\u00e9serve des surprises \u00e0 ceux qui s\u2019y aventurent. Vous d\u00e9couvrez en arrivant un paysage vallonn\u00e9 baign\u00e9 de cette lumi\u00e8re si caract\u00e9ristique \u00e0 la Bretagne et qui, d\u00e9couverte par les impressionnistes, inspira depuis de nombreux peintres."}]}},"_links":{"self":[{"href":"https:\/\/www.laballuejardin.com\/en\/wp-json\/wp\/v2\/posts\/4650","targetHints":{"allow":["GET"]}}],"collection":[{"href":"https:\/\/www.laballuejardin.com\/en\/wp-json\/wp\/v2\/posts"}],"about":[{"href":"https:\/\/www.laballuejardin.com\/en\/wp-json\/wp\/v2\/types\/post"}],"author":[{"embeddable":true,"href":"https:\/\/www.laballuejardin.com\/en\/wp-json\/wp\/v2\/users\/3"}],"replies":[{"embeddable":true,"href":"https:\/\/www.laballuejardin.com\/en\/wp-json\/wp\/v2\/comments?post=4650"}],"version-history":[{"count":7,"href":"https:\/\/www.laballuejardin.com\/en\/wp-json\/wp\/v2\/posts\/4650\/revisions"}],"predecessor-version":[{"id":4736,"href":"https:\/\/www.laballuejardin.com\/en\/wp-json\/wp\/v2\/posts\/4650\/revisions\/4736"}],"wp:featuredmedia":[{"embeddable":true,"href":"https:\/\/www.laballuejardin.com\/en\/wp-json\/wp\/v2\/media\/4625"}],"wp:attachment":[{"href":"https:\/\/www.laballuejardin.com\/en\/wp-json\/wp\/v2\/media?parent=4650"}],"wp:term":[{"taxonomy":"category","embeddable":true,"href":"https:\/\/www.laballuejardin.com\/en\/wp-json\/wp\/v2\/categories?post=4650"},{"taxonomy":"post_tag","embeddable":true,"href":"https:\/\/www.laballuejardin.com\/en\/wp-json\/wp\/v2\/tags?post=4650"}],"curies":[{"name":"wp","href":"https:\/\/api.w.org\/{rel}","templated":true}]}}