{"id":3509,"date":"2019-01-18T09:33:25","date_gmt":"2019-01-18T08:33:25","guid":{"rendered":"https:\/\/www.laballuejardin.com?p=3509"},"modified":"2021-04-01T14:03:53","modified_gmt":"2021-04-01T13:03:53","slug":"meilleurs-voeux-pour-2019","status":"publish","type":"post","link":"https:\/\/www.laballuejardin.com\/en\/evenements-en\/meilleurs-voeux-pour-2019","title":{"rendered":"Meilleurs v\u0153ux pour 2019 !"},"content":{"rendered":"<p>L\u2019\u00e9quipe des jardiniers de La Ballue se joint \u00e0 nous pour souhaiter \u00e0 tous une tr\u00e8s belle ann\u00e9e 2019 !<\/p>\n<p>Nous aurons le plaisir de vous retrouver dans les jardins d\u00e8s le vendredi 15 mars avec l\u2019arriv\u00e9e des couleurs de Printemps\u2026<\/p>\n<p>Nous vous proposons auparavant un atelier pratique sur le th\u00e8me &#8220;TAILLE DES ROSIERS ET HYDRANGEAS&#8221; le 5 mars 2019. <a href=\"https:\/\/www.laballuejardin.com\/evenements\/taille-des-rosiers-atelier-aux-jardins-de-la-ballue-le-5-mars-2019\">Voir ici.<\/a><\/p>\n<p>A bient\u00f4t,<\/p>\n<p>Marie-Fran\u00e7oise et Alain, propri\u00e9taires.<\/p>\n","protected":false},"excerpt":{"rendered":"<p>L\u2019\u00e9quipe des jardiniers de La Ballue se joint \u00e0 nous [&hellip;]<\/p>\n","protected":false},"author":2,"featured_media":3511,"comment_status":"open","ping_status":"open","sticky":false,"template":"","format":"standard","meta":{"footnotes":""},"categories":[20],"tags":[],"class_list":["post-3509","post","type-post","status-publish","format-standard","has-post-thumbnail","hentry","category-evenements-en"],"yoast_head":"<!-- This site is optimized with the Yoast SEO plugin v25.2 - https:\/\/yoast.com\/wordpress\/plugins\/seo\/ -->\n<title>Happy New Year 2019 from the Jardins de la Ballue<\/title>\n<meta name=\"description\" content=\"The whole garden team is wishing you all the best for this new year 2019, and hope to see you soon in Brittany. Visit our online ticket page!\" \/>\n<meta name=\"robots\" content=\"index, follow, max-snippet:-1, max-image-preview:large, max-video-preview:-1\" \/>\n<link rel=\"canonical\" href=\"https:\/\/www.laballuejardin.com\/en\/evenements-en\/meilleurs-voeux-pour-2019\" \/>\n<meta property=\"og:locale\" content=\"en_US\" \/>\n<meta property=\"og:type\" content=\"article\" \/>\n<meta property=\"og:title\" content=\"Happy New Year 2019 from the Jardins de la Ballue\" \/>\n<meta property=\"og:description\" content=\"The whole garden team is wishing you all the best for this new year 2019, and hope to see you soon in Brittany. Visit our online ticket page!\" \/>\n<meta property=\"og:url\" content=\"https:\/\/www.laballuejardin.com\/en\/evenements-en\/meilleurs-voeux-pour-2019\" \/>\n<meta property=\"og:site_name\" content=\"Les Jardins de la Ballue\" \/>\n<meta property=\"article:publisher\" content=\"https:\/\/www.facebook.com\/LaBalluesonchateauetsesjardins\" \/>\n<meta property=\"article:published_time\" content=\"2019-01-18T08:33:25+00:00\" \/>\n<meta property=\"article:modified_time\" content=\"2021-04-01T13:03:53+00:00\" \/>\n<meta property=\"og:image\" content=\"https:\/\/www.laballuejardin.com\/wp-content\/uploads\/2019\/01\/Voeux-2019.png\" \/>\n\t<meta property=\"og:image:width\" content=\"945\" \/>\n\t<meta property=\"og:image:height\" content=\"756\" \/>\n\t<meta property=\"og:image:type\" content=\"image\/png\" \/>\n<meta name=\"author\" content=\"Les Jardins de La Ballue\" \/>\n<meta name=\"twitter:card\" content=\"summary_large_image\" \/>\n<script type=\"application\/ld+json\" class=\"yoast-schema-graph\">{\"@context\":\"https:\/\/schema.org\",\"@graph\":[{\"@type\":\"Article\",\"@id\":\"https:\/\/www.laballuejardin.com\/en\/evenements-en\/meilleurs-voeux-pour-2019#article\",\"isPartOf\":{\"@id\":\"https:\/\/www.laballuejardin.com\/en\/evenements-en\/meilleurs-voeux-pour-2019\"},\"author\":{\"name\":\"Les Jardins de La Ballue\",\"@id\":\"https:\/\/www.laballuejardin.com\/en\/#\/schema\/person\/259b2ab3c3882c2ebe1a6913f61fc695\"},\"headline\":\"Meilleurs v\u0153ux pour 2019 !\",\"datePublished\":\"2019-01-18T08:33:25+00:00\",\"dateModified\":\"2021-04-01T13:03:53+00:00\",\"mainEntityOfPage\":{\"@id\":\"https:\/\/www.laballuejardin.com\/en\/evenements-en\/meilleurs-voeux-pour-2019\"},\"wordCount\":75,\"commentCount\":0,\"publisher\":{\"@id\":\"https:\/\/www.laballuejardin.com\/en\/#organization\"},\"image\":{\"@id\":\"https:\/\/www.laballuejardin.com\/en\/evenements-en\/meilleurs-voeux-pour-2019#primaryimage\"},\"thumbnailUrl\":\"https:\/\/www.laballuejardin.com\/wp-content\/uploads\/2019\/01\/Voeux-2019.png\",\"articleSection\":[\"Ev\u00e8nements\"],\"inLanguage\":\"en-US\"},{\"@type\":\"WebPage\",\"@id\":\"https:\/\/www.laballuejardin.com\/en\/evenements-en\/meilleurs-voeux-pour-2019\",\"url\":\"https:\/\/www.laballuejardin.com\/en\/evenements-en\/meilleurs-voeux-pour-2019\",\"name\":\"Happy New Year 2019 from the Jardins de la Ballue\",\"isPartOf\":{\"@id\":\"https:\/\/www.laballuejardin.com\/en\/#website\"},\"primaryImageOfPage\":{\"@id\":\"https:\/\/www.laballuejardin.com\/en\/evenements-en\/meilleurs-voeux-pour-2019#primaryimage\"},\"image\":{\"@id\":\"https:\/\/www.laballuejardin.com\/en\/evenements-en\/meilleurs-voeux-pour-2019#primaryimage\"},\"thumbnailUrl\":\"https:\/\/www.laballuejardin.com\/wp-content\/uploads\/2019\/01\/Voeux-2019.png\",\"datePublished\":\"2019-01-18T08:33:25+00:00\",\"dateModified\":\"2021-04-01T13:03:53+00:00\",\"description\":\"The whole garden team is wishing you all the best for this new year 2019, and hope to see you soon in Brittany. Visit our online ticket page!\",\"breadcrumb\":{\"@id\":\"https:\/\/www.laballuejardin.com\/en\/evenements-en\/meilleurs-voeux-pour-2019#breadcrumb\"},\"inLanguage\":\"en-US\",\"potentialAction\":[{\"@type\":\"ReadAction\",\"target\":[\"https:\/\/www.laballuejardin.com\/en\/evenements-en\/meilleurs-voeux-pour-2019\"]}]},{\"@type\":\"ImageObject\",\"inLanguage\":\"en-US\",\"@id\":\"https:\/\/www.laballuejardin.com\/en\/evenements-en\/meilleurs-voeux-pour-2019#primaryimage\",\"url\":\"https:\/\/www.laballuejardin.com\/wp-content\/uploads\/2019\/01\/Voeux-2019.png\",\"contentUrl\":\"https:\/\/www.laballuejardin.com\/wp-content\/uploads\/2019\/01\/Voeux-2019.png\",\"width\":945,\"height\":756},{\"@type\":\"BreadcrumbList\",\"@id\":\"https:\/\/www.laballuejardin.com\/en\/evenements-en\/meilleurs-voeux-pour-2019#breadcrumb\",\"itemListElement\":[{\"@type\":\"ListItem\",\"position\":1,\"name\":\"Accueil\",\"item\":\"https:\/\/www.laballuejardin.com\/en\"},{\"@type\":\"ListItem\",\"position\":2,\"name\":\"Meilleurs v\u0153ux pour 2019 !\"}]},{\"@type\":\"WebSite\",\"@id\":\"https:\/\/www.laballuejardin.com\/en\/#website\",\"url\":\"https:\/\/www.laballuejardin.com\/en\/\",\"name\":\"Les Jardins de la Ballue\",\"description\":\"Joyaux du patrimoine d&#039;Ile et Vilaine\",\"publisher\":{\"@id\":\"https:\/\/www.laballuejardin.com\/en\/#organization\"},\"potentialAction\":[{\"@type\":\"SearchAction\",\"target\":{\"@type\":\"EntryPoint\",\"urlTemplate\":\"https:\/\/www.laballuejardin.com\/en\/?s={search_term_string}\"},\"query-input\":{\"@type\":\"PropertyValueSpecification\",\"valueRequired\":true,\"valueName\":\"search_term_string\"}}],\"inLanguage\":\"en-US\"},{\"@type\":\"Organization\",\"@id\":\"https:\/\/www.laballuejardin.com\/en\/#organization\",\"name\":\"les Jardins du ch\u00e2teau de la Ballue\",\"url\":\"https:\/\/www.laballuejardin.com\/en\/\",\"logo\":{\"@type\":\"ImageObject\",\"inLanguage\":\"en-US\",\"@id\":\"https:\/\/www.laballuejardin.com\/en\/#\/schema\/logo\/image\/\",\"url\":\"https:\/\/www.laballuejardin.com\/wp-content\/uploads\/2014\/12\/la-ballue-logo1.jpg\",\"contentUrl\":\"https:\/\/www.laballuejardin.com\/wp-content\/uploads\/2014\/12\/la-ballue-logo1.jpg\",\"width\":297,\"height\":69,\"caption\":\"les Jardins du ch\u00e2teau de la Ballue\"},\"image\":{\"@id\":\"https:\/\/www.laballuejardin.com\/en\/#\/schema\/logo\/image\/\"},\"sameAs\":[\"https:\/\/www.facebook.com\/LaBalluesonchateauetsesjardins\",\"https:\/\/www.instagram.com\/chateaudelaballue\/\",\"https:\/\/www.linkedin.com\/in\/marie-fran\u00e7oise-mathiot-mathon-17453a87?originalSubdomain=fr\",\"https:\/\/www.pinterest.fr\/laballue\/_created\/\",\"https:\/\/fr.wikipedia.org\/wiki\/Ch\u00e2teau_de_la_Ballue\"]},{\"@type\":\"Person\",\"@id\":\"https:\/\/www.laballuejardin.com\/en\/#\/schema\/person\/259b2ab3c3882c2ebe1a6913f61fc695\",\"name\":\"Les Jardins de La Ballue\",\"description\":\"\u00c0 quelques kilom\u00e8tres du Mont-Saint-Michel, un univers enchant\u00e9 r\u00e9serve des surprises \u00e0 ceux qui s\u2019y aventurent. Vous d\u00e9couvrez en arrivant un paysage vallonn\u00e9 baign\u00e9 de cette lumi\u00e8re si caract\u00e9ristique \u00e0 la Bretagne et qui, d\u00e9couverte par les impressionnistes, inspira depuis de nombreux peintres.\"}]}<\/script>\n<!-- \/ Yoast SEO plugin. -->","yoast_head_json":{"title":"Happy New Year 2019 from the Jardins de la Ballue","description":"The whole garden team is wishing you all the best for this new year 2019, and hope to see you soon in Brittany. Visit our online ticket page!","robots":{"index":"index","follow":"follow","max-snippet":"max-snippet:-1","max-image-preview":"max-image-preview:large","max-video-preview":"max-video-preview:-1"},"canonical":"https:\/\/www.laballuejardin.com\/en\/evenements-en\/meilleurs-voeux-pour-2019","og_locale":"en_US","og_type":"article","og_title":"Happy New Year 2019 from the Jardins de la Ballue","og_description":"The whole garden team is wishing you all the best for this new year 2019, and hope to see you soon in Brittany. Visit our online ticket page!","og_url":"https:\/\/www.laballuejardin.com\/en\/evenements-en\/meilleurs-voeux-pour-2019","og_site_name":"Les Jardins de la Ballue","article_publisher":"https:\/\/www.facebook.com\/LaBalluesonchateauetsesjardins","article_published_time":"2019-01-18T08:33:25+00:00","article_modified_time":"2021-04-01T13:03:53+00:00","og_image":[{"width":945,"height":756,"url":"https:\/\/www.laballuejardin.com\/wp-content\/uploads\/2019\/01\/Voeux-2019.png","type":"image\/png"}],"author":"Les Jardins de La Ballue","twitter_card":"summary_large_image","schema":{"@context":"https:\/\/schema.org","@graph":[{"@type":"Article","@id":"https:\/\/www.laballuejardin.com\/en\/evenements-en\/meilleurs-voeux-pour-2019#article","isPartOf":{"@id":"https:\/\/www.laballuejardin.com\/en\/evenements-en\/meilleurs-voeux-pour-2019"},"author":{"name":"Les Jardins de La Ballue","@id":"https:\/\/www.laballuejardin.com\/en\/#\/schema\/person\/259b2ab3c3882c2ebe1a6913f61fc695"},"headline":"Meilleurs v\u0153ux pour 2019 !","datePublished":"2019-01-18T08:33:25+00:00","dateModified":"2021-04-01T13:03:53+00:00","mainEntityOfPage":{"@id":"https:\/\/www.laballuejardin.com\/en\/evenements-en\/meilleurs-voeux-pour-2019"},"wordCount":75,"commentCount":0,"publisher":{"@id":"https:\/\/www.laballuejardin.com\/en\/#organization"},"image":{"@id":"https:\/\/www.laballuejardin.com\/en\/evenements-en\/meilleurs-voeux-pour-2019#primaryimage"},"thumbnailUrl":"https:\/\/www.laballuejardin.com\/wp-content\/uploads\/2019\/01\/Voeux-2019.png","articleSection":["Ev\u00e8nements"],"inLanguage":"en-US"},{"@type":"WebPage","@id":"https:\/\/www.laballuejardin.com\/en\/evenements-en\/meilleurs-voeux-pour-2019","url":"https:\/\/www.laballuejardin.com\/en\/evenements-en\/meilleurs-voeux-pour-2019","name":"Happy New Year 2019 from the Jardins de la Ballue","isPartOf":{"@id":"https:\/\/www.laballuejardin.com\/en\/#website"},"primaryImageOfPage":{"@id":"https:\/\/www.laballuejardin.com\/en\/evenements-en\/meilleurs-voeux-pour-2019#primaryimage"},"image":{"@id":"https:\/\/www.laballuejardin.com\/en\/evenements-en\/meilleurs-voeux-pour-2019#primaryimage"},"thumbnailUrl":"https:\/\/www.laballuejardin.com\/wp-content\/uploads\/2019\/01\/Voeux-2019.png","datePublished":"2019-01-18T08:33:25+00:00","dateModified":"2021-04-01T13:03:53+00:00","description":"The whole garden team is wishing you all the best for this new year 2019, and hope to see you soon in Brittany. Visit our online ticket page!","breadcrumb":{"@id":"https:\/\/www.laballuejardin.com\/en\/evenements-en\/meilleurs-voeux-pour-2019#breadcrumb"},"inLanguage":"en-US","potentialAction":[{"@type":"ReadAction","target":["https:\/\/www.laballuejardin.com\/en\/evenements-en\/meilleurs-voeux-pour-2019"]}]},{"@type":"ImageObject","inLanguage":"en-US","@id":"https:\/\/www.laballuejardin.com\/en\/evenements-en\/meilleurs-voeux-pour-2019#primaryimage","url":"https:\/\/www.laballuejardin.com\/wp-content\/uploads\/2019\/01\/Voeux-2019.png","contentUrl":"https:\/\/www.laballuejardin.com\/wp-content\/uploads\/2019\/01\/Voeux-2019.png","width":945,"height":756},{"@type":"BreadcrumbList","@id":"https:\/\/www.laballuejardin.com\/en\/evenements-en\/meilleurs-voeux-pour-2019#breadcrumb","itemListElement":[{"@type":"ListItem","position":1,"name":"Accueil","item":"https:\/\/www.laballuejardin.com\/en"},{"@type":"ListItem","position":2,"name":"Meilleurs v\u0153ux pour 2019 !"}]},{"@type":"WebSite","@id":"https:\/\/www.laballuejardin.com\/en\/#website","url":"https:\/\/www.laballuejardin.com\/en\/","name":"Les Jardins de la Ballue","description":"Joyaux du patrimoine d&#039;Ile et Vilaine","publisher":{"@id":"https:\/\/www.laballuejardin.com\/en\/#organization"},"potentialAction":[{"@type":"SearchAction","target":{"@type":"EntryPoint","urlTemplate":"https:\/\/www.laballuejardin.com\/en\/?s={search_term_string}"},"query-input":{"@type":"PropertyValueSpecification","valueRequired":true,"valueName":"search_term_string"}}],"inLanguage":"en-US"},{"@type":"Organization","@id":"https:\/\/www.laballuejardin.com\/en\/#organization","name":"les Jardins du ch\u00e2teau de la Ballue","url":"https:\/\/www.laballuejardin.com\/en\/","logo":{"@type":"ImageObject","inLanguage":"en-US","@id":"https:\/\/www.laballuejardin.com\/en\/#\/schema\/logo\/image\/","url":"https:\/\/www.laballuejardin.com\/wp-content\/uploads\/2014\/12\/la-ballue-logo1.jpg","contentUrl":"https:\/\/www.laballuejardin.com\/wp-content\/uploads\/2014\/12\/la-ballue-logo1.jpg","width":297,"height":69,"caption":"les Jardins du ch\u00e2teau de la Ballue"},"image":{"@id":"https:\/\/www.laballuejardin.com\/en\/#\/schema\/logo\/image\/"},"sameAs":["https:\/\/www.facebook.com\/LaBalluesonchateauetsesjardins","https:\/\/www.instagram.com\/chateaudelaballue\/","https:\/\/www.linkedin.com\/in\/marie-fran\u00e7oise-mathiot-mathon-17453a87?originalSubdomain=fr","https:\/\/www.pinterest.fr\/laballue\/_created\/","https:\/\/fr.wikipedia.org\/wiki\/Ch\u00e2teau_de_la_Ballue"]},{"@type":"Person","@id":"https:\/\/www.laballuejardin.com\/en\/#\/schema\/person\/259b2ab3c3882c2ebe1a6913f61fc695","name":"Les Jardins de La Ballue","description":"\u00c0 quelques kilom\u00e8tres du Mont-Saint-Michel, un univers enchant\u00e9 r\u00e9serve des surprises \u00e0 ceux qui s\u2019y aventurent. Vous d\u00e9couvrez en arrivant un paysage vallonn\u00e9 baign\u00e9 de cette lumi\u00e8re si caract\u00e9ristique \u00e0 la Bretagne et qui, d\u00e9couverte par les impressionnistes, inspira depuis de nombreux peintres."}]}},"_links":{"self":[{"href":"https:\/\/www.laballuejardin.com\/en\/wp-json\/wp\/v2\/posts\/3509","targetHints":{"allow":["GET"]}}],"collection":[{"href":"https:\/\/www.laballuejardin.com\/en\/wp-json\/wp\/v2\/posts"}],"about":[{"href":"https:\/\/www.laballuejardin.com\/en\/wp-json\/wp\/v2\/types\/post"}],"author":[{"embeddable":true,"href":"https:\/\/www.laballuejardin.com\/en\/wp-json\/wp\/v2\/users\/2"}],"replies":[{"embeddable":true,"href":"https:\/\/www.laballuejardin.com\/en\/wp-json\/wp\/v2\/comments?post=3509"}],"version-history":[{"count":4,"href":"https:\/\/www.laballuejardin.com\/en\/wp-json\/wp\/v2\/posts\/3509\/revisions"}],"predecessor-version":[{"id":3530,"href":"https:\/\/www.laballuejardin.com\/en\/wp-json\/wp\/v2\/posts\/3509\/revisions\/3530"}],"wp:featuredmedia":[{"embeddable":true,"href":"https:\/\/www.laballuejardin.com\/en\/wp-json\/wp\/v2\/media\/3511"}],"wp:attachment":[{"href":"https:\/\/www.laballuejardin.com\/en\/wp-json\/wp\/v2\/media?parent=3509"}],"wp:term":[{"taxonomy":"category","embeddable":true,"href":"https:\/\/www.laballuejardin.com\/en\/wp-json\/wp\/v2\/categories?post=3509"},{"taxonomy":"post_tag","embeddable":true,"href":"https:\/\/www.laballuejardin.com\/en\/wp-json\/wp\/v2\/tags?post=3509"}],"curies":[{"name":"wp","href":"https:\/\/api.w.org\/{rel}","templated":true}]}}