{"id":3396,"date":"2018-06-19T08:14:29","date_gmt":"2018-06-19T07:14:29","guid":{"rendered":"https:\/\/www.laballuejardin.com?p=3396"},"modified":"2021-04-01T14:11:49","modified_gmt":"2021-04-01T13:11:49","slug":"opera-king-arthur-in-la-ballue-jardin","status":"publish","type":"post","link":"https:\/\/www.laballuejardin.com\/en\/events\/opera-king-arthur-in-la-ballue-jardin","title":{"rendered":"Opera &#8220;King Arthur&#8221; in La Ballue Jardin"},"content":{"rendered":"<p><em>Opera &#8220;King Arthur&#8221; from Henry Purcell, by Arma Barok Opera<\/em><br \/>\n<strong>Come to live a new version of Purcell&#8217;s King Arthur Opera on July 15th at 6pm at Chateau de la Ballue.<\/strong><\/p>\n<p>This year the <a href=\"http:\/\/www.arma-opera.com\/\" target=\"_blank\" rel=\"noopener\">ARMA Barok Opera<\/a> and <a href=\"http:\/\/frederiquechauvet.com\/index.php\/fr\/biographie\" target=\"_blank\" rel=\"noopener\">Fr\u00e9d\u00e9rique Chauvet<\/a>, Artistic Director, revisit Purcell for everyone&#8217;s enjoyment.<\/p>\n<p><em>The art team has selected beautiful fragments of King Arthur&#8217;s original play, and the director Sybrand van der Werf has chosen a popular theatrical style: the so-called &#8220;transparent&#8221; play. The singers thus plow the work, draw from it what they find important, and content the story they knew how to appropriate. The work is accessible to a wide audience.<\/em><\/p>\n<p>As part of the <a href=\"http:\/\/www.arma-opera.com\/\" target=\"_blank\" rel=\"noopener\">Summer Operas of Dinard<\/a>, <strong>a new &#8220;mise en espace&#8221; of this show will take place on Sunday, July 15th in the courtyard of the Ch\u00e2teau de La Ballue. It will be followed by a cocktail with the artists, who are:<\/strong><br \/>\n<strong>\u2022 5 singers:<\/strong><br \/>\nWendy Roobol and Mijke Sekhuis (sopranos), Oscar Verhaar (Countertenor), Mattijs Hoogendijk (tenor), Pieter Hendriks (bass-baritone).<br \/>\n<strong>\u2022 8 instrumentalists from the BarokOpera Ensemble:<\/strong><br \/>\n2 violins, viola, violin bass, oboe, flute, harpsichord, percussion, trumpet.<\/p>\n<p><strong> Entrance :<\/strong><br \/>\n&#8211; 30 \u20ac full price<br \/>\n&#8211; 15 \u20ac for students and 10-18 years old<br \/>\n&#8211; Free for children under 10 years old.<br \/>\nTo discover the full press release, download the <a href=\"https:\/\/www.laballuejardin.com\/wp-content\/uploads\/2018\/06\/CP-Chateau-de-la-Ballue-KingArthur-Purcell-Arma-Barok-Opera-15juillet-2018.pdf\" target=\"_blank\" rel=\"noopener\">PDF brochure.<\/a><\/p>\n","protected":false},"excerpt":{"rendered":"<p>Opera &#8220;King Arthur&#8221; from Henry Purcell, by Arma Barok Opera [&hellip;]<\/p>\n","protected":false},"author":2,"featured_media":3403,"comment_status":"closed","ping_status":"closed","sticky":false,"template":"","format":"standard","meta":{"footnotes":""},"categories":[20,2],"tags":[],"class_list":["post-3396","post","type-post","status-publish","format-standard","has-post-thumbnail","hentry","category-evenements-en","category-events"],"yoast_head":"<!-- This site is optimized with the Yoast SEO plugin v25.2 - https:\/\/yoast.com\/wordpress\/plugins\/seo\/ -->\n<title>Opera &quot;King Arthur&quot; in La Ballue Jardin - Jardins de la Ballue<\/title>\n<meta name=\"description\" content=\"Come to live a new version of Purcell&#039;s King Arthur Opera on July 15th at 6pm at Chateau de la Ballue. By reservation only.\" \/>\n<meta name=\"robots\" content=\"index, follow, max-snippet:-1, max-image-preview:large, max-video-preview:-1\" \/>\n<link rel=\"canonical\" href=\"https:\/\/www.laballuejardin.com\/en\/events\/opera-king-arthur-in-la-ballue-jardin\" \/>\n<meta property=\"og:locale\" content=\"en_US\" \/>\n<meta property=\"og:type\" content=\"article\" \/>\n<meta property=\"og:title\" content=\"Opera &quot;King Arthur&quot; in La Ballue Jardin - Jardins de la Ballue\" \/>\n<meta property=\"og:description\" content=\"Come to live a new version of Purcell&#039;s King Arthur Opera on July 15th at 6pm at Chateau de la Ballue. By reservation only.\" \/>\n<meta property=\"og:url\" content=\"https:\/\/www.laballuejardin.com\/en\/events\/opera-king-arthur-in-la-ballue-jardin\" \/>\n<meta property=\"og:site_name\" content=\"Les Jardins de la Ballue\" \/>\n<meta property=\"article:publisher\" content=\"https:\/\/www.facebook.com\/LaBalluesonchateauetsesjardins\" \/>\n<meta property=\"article:published_time\" content=\"2018-06-19T07:14:29+00:00\" \/>\n<meta property=\"article:modified_time\" content=\"2021-04-01T13:11:49+00:00\" \/>\n<meta property=\"og:image\" content=\"https:\/\/www.laballuejardin.com\/wp-content\/uploads\/2018\/06\/opera-2018-EN.jpg\" \/>\n\t<meta property=\"og:image:width\" content=\"717\" \/>\n\t<meta property=\"og:image:height\" content=\"472\" \/>\n\t<meta property=\"og:image:type\" content=\"image\/jpeg\" \/>\n<meta name=\"author\" content=\"Les Jardins de La Ballue\" \/>\n<meta name=\"twitter:card\" content=\"summary_large_image\" \/>\n<script type=\"application\/ld+json\" class=\"yoast-schema-graph\">{\"@context\":\"https:\/\/schema.org\",\"@graph\":[{\"@type\":\"Article\",\"@id\":\"https:\/\/www.laballuejardin.com\/en\/events\/opera-king-arthur-in-la-ballue-jardin#article\",\"isPartOf\":{\"@id\":\"https:\/\/www.laballuejardin.com\/en\/events\/opera-king-arthur-in-la-ballue-jardin\"},\"author\":{\"name\":\"Les Jardins de La Ballue\",\"@id\":\"https:\/\/www.laballuejardin.com\/en\/#\/schema\/person\/259b2ab3c3882c2ebe1a6913f61fc695\"},\"headline\":\"Opera &#8220;King Arthur&#8221; in La Ballue Jardin\",\"datePublished\":\"2018-06-19T07:14:29+00:00\",\"dateModified\":\"2021-04-01T13:11:49+00:00\",\"mainEntityOfPage\":{\"@id\":\"https:\/\/www.laballuejardin.com\/en\/events\/opera-king-arthur-in-la-ballue-jardin\"},\"wordCount\":221,\"publisher\":{\"@id\":\"https:\/\/www.laballuejardin.com\/en\/#organization\"},\"image\":{\"@id\":\"https:\/\/www.laballuejardin.com\/en\/events\/opera-king-arthur-in-la-ballue-jardin#primaryimage\"},\"thumbnailUrl\":\"https:\/\/www.laballuejardin.com\/wp-content\/uploads\/2018\/06\/opera-2018-EN.jpg\",\"articleSection\":[\"Ev\u00e8nements\",\"Events\"],\"inLanguage\":\"en-US\"},{\"@type\":\"WebPage\",\"@id\":\"https:\/\/www.laballuejardin.com\/en\/events\/opera-king-arthur-in-la-ballue-jardin\",\"url\":\"https:\/\/www.laballuejardin.com\/en\/events\/opera-king-arthur-in-la-ballue-jardin\",\"name\":\"Opera \\\"King Arthur\\\" in La Ballue Jardin - Jardins de la Ballue\",\"isPartOf\":{\"@id\":\"https:\/\/www.laballuejardin.com\/en\/#website\"},\"primaryImageOfPage\":{\"@id\":\"https:\/\/www.laballuejardin.com\/en\/events\/opera-king-arthur-in-la-ballue-jardin#primaryimage\"},\"image\":{\"@id\":\"https:\/\/www.laballuejardin.com\/en\/events\/opera-king-arthur-in-la-ballue-jardin#primaryimage\"},\"thumbnailUrl\":\"https:\/\/www.laballuejardin.com\/wp-content\/uploads\/2018\/06\/opera-2018-EN.jpg\",\"datePublished\":\"2018-06-19T07:14:29+00:00\",\"dateModified\":\"2021-04-01T13:11:49+00:00\",\"description\":\"Come to live a new version of Purcell's King Arthur Opera on July 15th at 6pm at Chateau de la Ballue. By reservation only.\",\"breadcrumb\":{\"@id\":\"https:\/\/www.laballuejardin.com\/en\/events\/opera-king-arthur-in-la-ballue-jardin#breadcrumb\"},\"inLanguage\":\"en-US\",\"potentialAction\":[{\"@type\":\"ReadAction\",\"target\":[\"https:\/\/www.laballuejardin.com\/en\/events\/opera-king-arthur-in-la-ballue-jardin\"]}]},{\"@type\":\"ImageObject\",\"inLanguage\":\"en-US\",\"@id\":\"https:\/\/www.laballuejardin.com\/en\/events\/opera-king-arthur-in-la-ballue-jardin#primaryimage\",\"url\":\"https:\/\/www.laballuejardin.com\/wp-content\/uploads\/2018\/06\/opera-2018-EN.jpg\",\"contentUrl\":\"https:\/\/www.laballuejardin.com\/wp-content\/uploads\/2018\/06\/opera-2018-EN.jpg\",\"width\":717,\"height\":472,\"caption\":\"opera King Arthur la ballue\"},{\"@type\":\"BreadcrumbList\",\"@id\":\"https:\/\/www.laballuejardin.com\/en\/events\/opera-king-arthur-in-la-ballue-jardin#breadcrumb\",\"itemListElement\":[{\"@type\":\"ListItem\",\"position\":1,\"name\":\"Accueil\",\"item\":\"https:\/\/www.laballuejardin.com\/en\"},{\"@type\":\"ListItem\",\"position\":2,\"name\":\"Opera &#8220;King Arthur&#8221; in La Ballue Jardin\"}]},{\"@type\":\"WebSite\",\"@id\":\"https:\/\/www.laballuejardin.com\/en\/#website\",\"url\":\"https:\/\/www.laballuejardin.com\/en\/\",\"name\":\"Les Jardins de la Ballue\",\"description\":\"Joyaux du patrimoine d&#039;Ile et Vilaine\",\"publisher\":{\"@id\":\"https:\/\/www.laballuejardin.com\/en\/#organization\"},\"potentialAction\":[{\"@type\":\"SearchAction\",\"target\":{\"@type\":\"EntryPoint\",\"urlTemplate\":\"https:\/\/www.laballuejardin.com\/en\/?s={search_term_string}\"},\"query-input\":{\"@type\":\"PropertyValueSpecification\",\"valueRequired\":true,\"valueName\":\"search_term_string\"}}],\"inLanguage\":\"en-US\"},{\"@type\":\"Organization\",\"@id\":\"https:\/\/www.laballuejardin.com\/en\/#organization\",\"name\":\"les Jardins du ch\u00e2teau de la Ballue\",\"url\":\"https:\/\/www.laballuejardin.com\/en\/\",\"logo\":{\"@type\":\"ImageObject\",\"inLanguage\":\"en-US\",\"@id\":\"https:\/\/www.laballuejardin.com\/en\/#\/schema\/logo\/image\/\",\"url\":\"https:\/\/www.laballuejardin.com\/wp-content\/uploads\/2014\/12\/la-ballue-logo1.jpg\",\"contentUrl\":\"https:\/\/www.laballuejardin.com\/wp-content\/uploads\/2014\/12\/la-ballue-logo1.jpg\",\"width\":297,\"height\":69,\"caption\":\"les Jardins du ch\u00e2teau de la Ballue\"},\"image\":{\"@id\":\"https:\/\/www.laballuejardin.com\/en\/#\/schema\/logo\/image\/\"},\"sameAs\":[\"https:\/\/www.facebook.com\/LaBalluesonchateauetsesjardins\",\"https:\/\/www.instagram.com\/chateaudelaballue\/\",\"https:\/\/www.linkedin.com\/in\/marie-fran\u00e7oise-mathiot-mathon-17453a87?originalSubdomain=fr\",\"https:\/\/www.pinterest.fr\/laballue\/_created\/\",\"https:\/\/fr.wikipedia.org\/wiki\/Ch\u00e2teau_de_la_Ballue\"]},{\"@type\":\"Person\",\"@id\":\"https:\/\/www.laballuejardin.com\/en\/#\/schema\/person\/259b2ab3c3882c2ebe1a6913f61fc695\",\"name\":\"Les Jardins de La Ballue\",\"description\":\"\u00c0 quelques kilom\u00e8tres du Mont-Saint-Michel, un univers enchant\u00e9 r\u00e9serve des surprises \u00e0 ceux qui s\u2019y aventurent. Vous d\u00e9couvrez en arrivant un paysage vallonn\u00e9 baign\u00e9 de cette lumi\u00e8re si caract\u00e9ristique \u00e0 la Bretagne et qui, d\u00e9couverte par les impressionnistes, inspira depuis de nombreux peintres.\"}]}<\/script>\n<!-- \/ Yoast SEO plugin. -->","yoast_head_json":{"title":"Opera \"King Arthur\" in La Ballue Jardin - Jardins de la Ballue","description":"Come to live a new version of Purcell's King Arthur Opera on July 15th at 6pm at Chateau de la Ballue. By reservation only.","robots":{"index":"index","follow":"follow","max-snippet":"max-snippet:-1","max-image-preview":"max-image-preview:large","max-video-preview":"max-video-preview:-1"},"canonical":"https:\/\/www.laballuejardin.com\/en\/events\/opera-king-arthur-in-la-ballue-jardin","og_locale":"en_US","og_type":"article","og_title":"Opera \"King Arthur\" in La Ballue Jardin - Jardins de la Ballue","og_description":"Come to live a new version of Purcell's King Arthur Opera on July 15th at 6pm at Chateau de la Ballue. By reservation only.","og_url":"https:\/\/www.laballuejardin.com\/en\/events\/opera-king-arthur-in-la-ballue-jardin","og_site_name":"Les Jardins de la Ballue","article_publisher":"https:\/\/www.facebook.com\/LaBalluesonchateauetsesjardins","article_published_time":"2018-06-19T07:14:29+00:00","article_modified_time":"2021-04-01T13:11:49+00:00","og_image":[{"width":717,"height":472,"url":"https:\/\/www.laballuejardin.com\/wp-content\/uploads\/2018\/06\/opera-2018-EN.jpg","type":"image\/jpeg"}],"author":"Les Jardins de La Ballue","twitter_card":"summary_large_image","schema":{"@context":"https:\/\/schema.org","@graph":[{"@type":"Article","@id":"https:\/\/www.laballuejardin.com\/en\/events\/opera-king-arthur-in-la-ballue-jardin#article","isPartOf":{"@id":"https:\/\/www.laballuejardin.com\/en\/events\/opera-king-arthur-in-la-ballue-jardin"},"author":{"name":"Les Jardins de La Ballue","@id":"https:\/\/www.laballuejardin.com\/en\/#\/schema\/person\/259b2ab3c3882c2ebe1a6913f61fc695"},"headline":"Opera &#8220;King Arthur&#8221; in La Ballue Jardin","datePublished":"2018-06-19T07:14:29+00:00","dateModified":"2021-04-01T13:11:49+00:00","mainEntityOfPage":{"@id":"https:\/\/www.laballuejardin.com\/en\/events\/opera-king-arthur-in-la-ballue-jardin"},"wordCount":221,"publisher":{"@id":"https:\/\/www.laballuejardin.com\/en\/#organization"},"image":{"@id":"https:\/\/www.laballuejardin.com\/en\/events\/opera-king-arthur-in-la-ballue-jardin#primaryimage"},"thumbnailUrl":"https:\/\/www.laballuejardin.com\/wp-content\/uploads\/2018\/06\/opera-2018-EN.jpg","articleSection":["Ev\u00e8nements","Events"],"inLanguage":"en-US"},{"@type":"WebPage","@id":"https:\/\/www.laballuejardin.com\/en\/events\/opera-king-arthur-in-la-ballue-jardin","url":"https:\/\/www.laballuejardin.com\/en\/events\/opera-king-arthur-in-la-ballue-jardin","name":"Opera \"King Arthur\" in La Ballue Jardin - Jardins de la Ballue","isPartOf":{"@id":"https:\/\/www.laballuejardin.com\/en\/#website"},"primaryImageOfPage":{"@id":"https:\/\/www.laballuejardin.com\/en\/events\/opera-king-arthur-in-la-ballue-jardin#primaryimage"},"image":{"@id":"https:\/\/www.laballuejardin.com\/en\/events\/opera-king-arthur-in-la-ballue-jardin#primaryimage"},"thumbnailUrl":"https:\/\/www.laballuejardin.com\/wp-content\/uploads\/2018\/06\/opera-2018-EN.jpg","datePublished":"2018-06-19T07:14:29+00:00","dateModified":"2021-04-01T13:11:49+00:00","description":"Come to live a new version of Purcell's King Arthur Opera on July 15th at 6pm at Chateau de la Ballue. By reservation only.","breadcrumb":{"@id":"https:\/\/www.laballuejardin.com\/en\/events\/opera-king-arthur-in-la-ballue-jardin#breadcrumb"},"inLanguage":"en-US","potentialAction":[{"@type":"ReadAction","target":["https:\/\/www.laballuejardin.com\/en\/events\/opera-king-arthur-in-la-ballue-jardin"]}]},{"@type":"ImageObject","inLanguage":"en-US","@id":"https:\/\/www.laballuejardin.com\/en\/events\/opera-king-arthur-in-la-ballue-jardin#primaryimage","url":"https:\/\/www.laballuejardin.com\/wp-content\/uploads\/2018\/06\/opera-2018-EN.jpg","contentUrl":"https:\/\/www.laballuejardin.com\/wp-content\/uploads\/2018\/06\/opera-2018-EN.jpg","width":717,"height":472,"caption":"opera King Arthur la ballue"},{"@type":"BreadcrumbList","@id":"https:\/\/www.laballuejardin.com\/en\/events\/opera-king-arthur-in-la-ballue-jardin#breadcrumb","itemListElement":[{"@type":"ListItem","position":1,"name":"Accueil","item":"https:\/\/www.laballuejardin.com\/en"},{"@type":"ListItem","position":2,"name":"Opera &#8220;King Arthur&#8221; in La Ballue Jardin"}]},{"@type":"WebSite","@id":"https:\/\/www.laballuejardin.com\/en\/#website","url":"https:\/\/www.laballuejardin.com\/en\/","name":"Les Jardins de la Ballue","description":"Joyaux du patrimoine d&#039;Ile et Vilaine","publisher":{"@id":"https:\/\/www.laballuejardin.com\/en\/#organization"},"potentialAction":[{"@type":"SearchAction","target":{"@type":"EntryPoint","urlTemplate":"https:\/\/www.laballuejardin.com\/en\/?s={search_term_string}"},"query-input":{"@type":"PropertyValueSpecification","valueRequired":true,"valueName":"search_term_string"}}],"inLanguage":"en-US"},{"@type":"Organization","@id":"https:\/\/www.laballuejardin.com\/en\/#organization","name":"les Jardins du ch\u00e2teau de la Ballue","url":"https:\/\/www.laballuejardin.com\/en\/","logo":{"@type":"ImageObject","inLanguage":"en-US","@id":"https:\/\/www.laballuejardin.com\/en\/#\/schema\/logo\/image\/","url":"https:\/\/www.laballuejardin.com\/wp-content\/uploads\/2014\/12\/la-ballue-logo1.jpg","contentUrl":"https:\/\/www.laballuejardin.com\/wp-content\/uploads\/2014\/12\/la-ballue-logo1.jpg","width":297,"height":69,"caption":"les Jardins du ch\u00e2teau de la Ballue"},"image":{"@id":"https:\/\/www.laballuejardin.com\/en\/#\/schema\/logo\/image\/"},"sameAs":["https:\/\/www.facebook.com\/LaBalluesonchateauetsesjardins","https:\/\/www.instagram.com\/chateaudelaballue\/","https:\/\/www.linkedin.com\/in\/marie-fran\u00e7oise-mathiot-mathon-17453a87?originalSubdomain=fr","https:\/\/www.pinterest.fr\/laballue\/_created\/","https:\/\/fr.wikipedia.org\/wiki\/Ch\u00e2teau_de_la_Ballue"]},{"@type":"Person","@id":"https:\/\/www.laballuejardin.com\/en\/#\/schema\/person\/259b2ab3c3882c2ebe1a6913f61fc695","name":"Les Jardins de La Ballue","description":"\u00c0 quelques kilom\u00e8tres du Mont-Saint-Michel, un univers enchant\u00e9 r\u00e9serve des surprises \u00e0 ceux qui s\u2019y aventurent. Vous d\u00e9couvrez en arrivant un paysage vallonn\u00e9 baign\u00e9 de cette lumi\u00e8re si caract\u00e9ristique \u00e0 la Bretagne et qui, d\u00e9couverte par les impressionnistes, inspira depuis de nombreux peintres."}]}},"_links":{"self":[{"href":"https:\/\/www.laballuejardin.com\/en\/wp-json\/wp\/v2\/posts\/3396","targetHints":{"allow":["GET"]}}],"collection":[{"href":"https:\/\/www.laballuejardin.com\/en\/wp-json\/wp\/v2\/posts"}],"about":[{"href":"https:\/\/www.laballuejardin.com\/en\/wp-json\/wp\/v2\/types\/post"}],"author":[{"embeddable":true,"href":"https:\/\/www.laballuejardin.com\/en\/wp-json\/wp\/v2\/users\/2"}],"replies":[{"embeddable":true,"href":"https:\/\/www.laballuejardin.com\/en\/wp-json\/wp\/v2\/comments?post=3396"}],"version-history":[{"count":4,"href":"https:\/\/www.laballuejardin.com\/en\/wp-json\/wp\/v2\/posts\/3396\/revisions"}],"predecessor-version":[{"id":4344,"href":"https:\/\/www.laballuejardin.com\/en\/wp-json\/wp\/v2\/posts\/3396\/revisions\/4344"}],"wp:featuredmedia":[{"embeddable":true,"href":"https:\/\/www.laballuejardin.com\/en\/wp-json\/wp\/v2\/media\/3403"}],"wp:attachment":[{"href":"https:\/\/www.laballuejardin.com\/en\/wp-json\/wp\/v2\/media?parent=3396"}],"wp:term":[{"taxonomy":"category","embeddable":true,"href":"https:\/\/www.laballuejardin.com\/en\/wp-json\/wp\/v2\/categories?post=3396"},{"taxonomy":"post_tag","embeddable":true,"href":"https:\/\/www.laballuejardin.com\/en\/wp-json\/wp\/v2\/tags?post=3396"}],"curies":[{"name":"wp","href":"https:\/\/api.w.org\/{rel}","templated":true}]}}