{"id":3380,"date":"2018-05-29T13:40:10","date_gmt":"2018-05-29T12:40:10","guid":{"rendered":"https:\/\/www.laballuejardin.com?p=3380"},"modified":"2022-05-20T13:28:38","modified_gmt":"2022-05-20T12:28:38","slug":"wild-extension-contemporary-dance-festival","status":"publish","type":"post","link":"https:\/\/www.laballuejardin.com\/en\/events\/wild-extension-contemporary-dance-festival","title":{"rendered":"Wild Extension Contemporary Dance Festival"},"content":{"rendered":"<p>The extraordinary choreographic adventure called Extension Sauvage (Wild Extension 2018) performed in the Gardens of the Ch\u00e2teau de la Ballue continues in 2018 in its 7th edition.<br \/>Created by <a href=\"http:\/\/figureproject.com\/\" target=\"_blank\" rel=\"noopener\">the choreographer and dancer Latifa La\u00e2bissi<\/a>, this choreographic adventure in a rural setting is an invitation to discover or re-discover contemporary dance in the setting of a certain landscape.<\/p>\n<p>This year for Wild Extension 2018 :<\/p>\n<ul>\n<li><strong>Friday June 29 in Combourg :<\/strong> 4 representations in Combourg \u2013 free access<\/li>\n<li><strong>Saturday June 30 in the Ch\u00e2teau de La Ballue :<\/strong> 3 works to discover at dusk in the magical setting of Les Jardins de la Ballue<\/li>\n<li><strong>Sunday July, 1st :<\/strong> at the Ch\u00e2teau de La Ballue, Choreographers and dancers from all over the world have been invited, as Katerina Andreou, Marco Berrettini\u2026<\/li>\n<\/ul>\n<p>This edition will once again be punctuated by &#8220;wild meetings&#8221; in the form of workshops, to make live and share with the public various playful and sensitive apprehensions of dance and landscapes: a new way of being a spectator!<\/p>\n<p>For more information: <a href=\"http:\/\/www.extensionsauvage.com\">www.extensionsauvage.com<\/a><\/p>\n<p>To see the video of the 2017 Festival : <a href=\"https:\/\/vimeo.com\/261090065\" target=\"_blank\" rel=\"noopener\">https:\/\/vimeo.com\/261090065<\/a><\/p>\n\n\n<p>Not available on these dates, come to <a href=\"https:\/\/www.laballuejardin.com\/en\/online-tickets\">visit the Gardens<\/a> at a time of your choice!<\/p>\n","protected":false},"excerpt":{"rendered":"<p>The extraordinary choreographic adventure called Extension Sauvage (Wild Extension 2018) [&hellip;]<\/p>\n","protected":false},"author":3,"featured_media":3376,"comment_status":"closed","ping_status":"closed","sticky":false,"template":"","format":"standard","meta":{"footnotes":""},"categories":[20,2],"tags":[],"class_list":["post-3380","post","type-post","status-publish","format-standard","has-post-thumbnail","hentry","category-evenements-en","category-events"],"yoast_head":"<!-- This site is optimized with the Yoast SEO plugin v25.2 - https:\/\/yoast.com\/wordpress\/plugins\/seo\/ -->\n<title>Wild Extension 2018 Contemporary Dance Festival- Jardins de la Ballue<\/title>\n<meta name=\"description\" content=\"From the 29th of June to the 1st of July, live the experience Wild Extension 2018 in an amazing green scenary. Only by reservation.\" \/>\n<meta name=\"robots\" content=\"index, follow, max-snippet:-1, max-image-preview:large, max-video-preview:-1\" \/>\n<link rel=\"canonical\" href=\"https:\/\/www.laballuejardin.com\/en\/events\/wild-extension-contemporary-dance-festival\" \/>\n<meta property=\"og:locale\" content=\"en_US\" \/>\n<meta property=\"og:type\" content=\"article\" \/>\n<meta property=\"og:title\" content=\"Wild Extension 2018 Contemporary Dance Festival- Jardins de la Ballue\" \/>\n<meta property=\"og:description\" content=\"From the 29th of June to the 1st of July, live the experience Wild Extension 2018 in an amazing green scenary. Only by reservation.\" \/>\n<meta property=\"og:url\" content=\"https:\/\/www.laballuejardin.com\/en\/events\/wild-extension-contemporary-dance-festival\" \/>\n<meta property=\"og:site_name\" content=\"Les Jardins de la Ballue\" \/>\n<meta property=\"article:publisher\" content=\"https:\/\/www.facebook.com\/LaBalluesonchateauetsesjardins\" \/>\n<meta property=\"article:published_time\" content=\"2018-05-29T12:40:10+00:00\" \/>\n<meta property=\"article:modified_time\" content=\"2022-05-20T12:28:38+00:00\" \/>\n<meta property=\"og:image\" content=\"https:\/\/www.laballuejardin.com\/wp-content\/uploads\/2018\/05\/rendez-vous_au-jardin-01.jpg\" \/>\n\t<meta property=\"og:image:width\" content=\"529\" \/>\n\t<meta property=\"og:image:height\" content=\"339\" \/>\n\t<meta property=\"og:image:type\" content=\"image\/jpeg\" \/>\n<meta name=\"author\" content=\"Les Jardins de La Ballue\" \/>\n<meta name=\"twitter:card\" content=\"summary_large_image\" \/>\n<script type=\"application\/ld+json\" class=\"yoast-schema-graph\">{\"@context\":\"https:\/\/schema.org\",\"@graph\":[{\"@type\":\"Article\",\"@id\":\"https:\/\/www.laballuejardin.com\/en\/events\/wild-extension-contemporary-dance-festival#article\",\"isPartOf\":{\"@id\":\"https:\/\/www.laballuejardin.com\/en\/events\/wild-extension-contemporary-dance-festival\"},\"author\":{\"name\":\"Les Jardins de La Ballue\",\"@id\":\"https:\/\/www.laballuejardin.com\/en\/#\/schema\/person\/f2c026be0f87e46c86fd11055f1a87f5\"},\"headline\":\"Wild Extension Contemporary Dance Festival\",\"datePublished\":\"2018-05-29T12:40:10+00:00\",\"dateModified\":\"2022-05-20T12:28:38+00:00\",\"mainEntityOfPage\":{\"@id\":\"https:\/\/www.laballuejardin.com\/en\/events\/wild-extension-contemporary-dance-festival\"},\"wordCount\":198,\"publisher\":{\"@id\":\"https:\/\/www.laballuejardin.com\/en\/#organization\"},\"image\":{\"@id\":\"https:\/\/www.laballuejardin.com\/en\/events\/wild-extension-contemporary-dance-festival#primaryimage\"},\"thumbnailUrl\":\"https:\/\/www.laballuejardin.com\/wp-content\/uploads\/2018\/05\/rendez-vous_au-jardin-01.jpg\",\"articleSection\":[\"Ev\u00e8nements\",\"Events\"],\"inLanguage\":\"en-US\"},{\"@type\":\"WebPage\",\"@id\":\"https:\/\/www.laballuejardin.com\/en\/events\/wild-extension-contemporary-dance-festival\",\"url\":\"https:\/\/www.laballuejardin.com\/en\/events\/wild-extension-contemporary-dance-festival\",\"name\":\"Wild Extension 2018 Contemporary Dance Festival- Jardins de la Ballue\",\"isPartOf\":{\"@id\":\"https:\/\/www.laballuejardin.com\/en\/#website\"},\"primaryImageOfPage\":{\"@id\":\"https:\/\/www.laballuejardin.com\/en\/events\/wild-extension-contemporary-dance-festival#primaryimage\"},\"image\":{\"@id\":\"https:\/\/www.laballuejardin.com\/en\/events\/wild-extension-contemporary-dance-festival#primaryimage\"},\"thumbnailUrl\":\"https:\/\/www.laballuejardin.com\/wp-content\/uploads\/2018\/05\/rendez-vous_au-jardin-01.jpg\",\"datePublished\":\"2018-05-29T12:40:10+00:00\",\"dateModified\":\"2022-05-20T12:28:38+00:00\",\"description\":\"From the 29th of June to the 1st of July, live the experience Wild Extension 2018 in an amazing green scenary. Only by reservation.\",\"breadcrumb\":{\"@id\":\"https:\/\/www.laballuejardin.com\/en\/events\/wild-extension-contemporary-dance-festival#breadcrumb\"},\"inLanguage\":\"en-US\",\"potentialAction\":[{\"@type\":\"ReadAction\",\"target\":[\"https:\/\/www.laballuejardin.com\/en\/events\/wild-extension-contemporary-dance-festival\"]}]},{\"@type\":\"ImageObject\",\"inLanguage\":\"en-US\",\"@id\":\"https:\/\/www.laballuejardin.com\/en\/events\/wild-extension-contemporary-dance-festival#primaryimage\",\"url\":\"https:\/\/www.laballuejardin.com\/wp-content\/uploads\/2018\/05\/rendez-vous_au-jardin-01.jpg\",\"contentUrl\":\"https:\/\/www.laballuejardin.com\/wp-content\/uploads\/2018\/05\/rendez-vous_au-jardin-01.jpg\",\"width\":529,\"height\":339,\"caption\":\"festival de danse 2018\"},{\"@type\":\"BreadcrumbList\",\"@id\":\"https:\/\/www.laballuejardin.com\/en\/events\/wild-extension-contemporary-dance-festival#breadcrumb\",\"itemListElement\":[{\"@type\":\"ListItem\",\"position\":1,\"name\":\"Accueil\",\"item\":\"https:\/\/www.laballuejardin.com\/en\"},{\"@type\":\"ListItem\",\"position\":2,\"name\":\"Wild Extension Contemporary Dance Festival\"}]},{\"@type\":\"WebSite\",\"@id\":\"https:\/\/www.laballuejardin.com\/en\/#website\",\"url\":\"https:\/\/www.laballuejardin.com\/en\/\",\"name\":\"Les Jardins de la Ballue\",\"description\":\"Joyaux du patrimoine d&#039;Ile et Vilaine\",\"publisher\":{\"@id\":\"https:\/\/www.laballuejardin.com\/en\/#organization\"},\"potentialAction\":[{\"@type\":\"SearchAction\",\"target\":{\"@type\":\"EntryPoint\",\"urlTemplate\":\"https:\/\/www.laballuejardin.com\/en\/?s={search_term_string}\"},\"query-input\":{\"@type\":\"PropertyValueSpecification\",\"valueRequired\":true,\"valueName\":\"search_term_string\"}}],\"inLanguage\":\"en-US\"},{\"@type\":\"Organization\",\"@id\":\"https:\/\/www.laballuejardin.com\/en\/#organization\",\"name\":\"les Jardins du ch\u00e2teau de la Ballue\",\"url\":\"https:\/\/www.laballuejardin.com\/en\/\",\"logo\":{\"@type\":\"ImageObject\",\"inLanguage\":\"en-US\",\"@id\":\"https:\/\/www.laballuejardin.com\/en\/#\/schema\/logo\/image\/\",\"url\":\"https:\/\/www.laballuejardin.com\/wp-content\/uploads\/2014\/12\/la-ballue-logo1.jpg\",\"contentUrl\":\"https:\/\/www.laballuejardin.com\/wp-content\/uploads\/2014\/12\/la-ballue-logo1.jpg\",\"width\":297,\"height\":69,\"caption\":\"les Jardins du ch\u00e2teau de la Ballue\"},\"image\":{\"@id\":\"https:\/\/www.laballuejardin.com\/en\/#\/schema\/logo\/image\/\"},\"sameAs\":[\"https:\/\/www.facebook.com\/LaBalluesonchateauetsesjardins\",\"https:\/\/www.instagram.com\/chateaudelaballue\/\",\"https:\/\/www.linkedin.com\/in\/marie-fran\u00e7oise-mathiot-mathon-17453a87?originalSubdomain=fr\",\"https:\/\/www.pinterest.fr\/laballue\/_created\/\",\"https:\/\/fr.wikipedia.org\/wiki\/Ch\u00e2teau_de_la_Ballue\"]},{\"@type\":\"Person\",\"@id\":\"https:\/\/www.laballuejardin.com\/en\/#\/schema\/person\/f2c026be0f87e46c86fd11055f1a87f5\",\"name\":\"Les Jardins de La Ballue\",\"description\":\"\u00c0 quelques kilom\u00e8tres du Mont-Saint-Michel, un univers enchant\u00e9 r\u00e9serve des surprises \u00e0 ceux qui s\u2019y aventurent. Vous d\u00e9couvrez en arrivant un paysage vallonn\u00e9 baign\u00e9 de cette lumi\u00e8re si caract\u00e9ristique \u00e0 la Bretagne et qui, d\u00e9couverte par les impressionnistes, inspira depuis de nombreux peintres.\"}]}<\/script>\n<!-- \/ Yoast SEO plugin. -->","yoast_head_json":{"title":"Wild Extension 2018 Contemporary Dance Festival- Jardins de la Ballue","description":"From the 29th of June to the 1st of July, live the experience Wild Extension 2018 in an amazing green scenary. Only by reservation.","robots":{"index":"index","follow":"follow","max-snippet":"max-snippet:-1","max-image-preview":"max-image-preview:large","max-video-preview":"max-video-preview:-1"},"canonical":"https:\/\/www.laballuejardin.com\/en\/events\/wild-extension-contemporary-dance-festival","og_locale":"en_US","og_type":"article","og_title":"Wild Extension 2018 Contemporary Dance Festival- Jardins de la Ballue","og_description":"From the 29th of June to the 1st of July, live the experience Wild Extension 2018 in an amazing green scenary. Only by reservation.","og_url":"https:\/\/www.laballuejardin.com\/en\/events\/wild-extension-contemporary-dance-festival","og_site_name":"Les Jardins de la Ballue","article_publisher":"https:\/\/www.facebook.com\/LaBalluesonchateauetsesjardins","article_published_time":"2018-05-29T12:40:10+00:00","article_modified_time":"2022-05-20T12:28:38+00:00","og_image":[{"width":529,"height":339,"url":"https:\/\/www.laballuejardin.com\/wp-content\/uploads\/2018\/05\/rendez-vous_au-jardin-01.jpg","type":"image\/jpeg"}],"author":"Les Jardins de La Ballue","twitter_card":"summary_large_image","schema":{"@context":"https:\/\/schema.org","@graph":[{"@type":"Article","@id":"https:\/\/www.laballuejardin.com\/en\/events\/wild-extension-contemporary-dance-festival#article","isPartOf":{"@id":"https:\/\/www.laballuejardin.com\/en\/events\/wild-extension-contemporary-dance-festival"},"author":{"name":"Les Jardins de La Ballue","@id":"https:\/\/www.laballuejardin.com\/en\/#\/schema\/person\/f2c026be0f87e46c86fd11055f1a87f5"},"headline":"Wild Extension Contemporary Dance Festival","datePublished":"2018-05-29T12:40:10+00:00","dateModified":"2022-05-20T12:28:38+00:00","mainEntityOfPage":{"@id":"https:\/\/www.laballuejardin.com\/en\/events\/wild-extension-contemporary-dance-festival"},"wordCount":198,"publisher":{"@id":"https:\/\/www.laballuejardin.com\/en\/#organization"},"image":{"@id":"https:\/\/www.laballuejardin.com\/en\/events\/wild-extension-contemporary-dance-festival#primaryimage"},"thumbnailUrl":"https:\/\/www.laballuejardin.com\/wp-content\/uploads\/2018\/05\/rendez-vous_au-jardin-01.jpg","articleSection":["Ev\u00e8nements","Events"],"inLanguage":"en-US"},{"@type":"WebPage","@id":"https:\/\/www.laballuejardin.com\/en\/events\/wild-extension-contemporary-dance-festival","url":"https:\/\/www.laballuejardin.com\/en\/events\/wild-extension-contemporary-dance-festival","name":"Wild Extension 2018 Contemporary Dance Festival- Jardins de la Ballue","isPartOf":{"@id":"https:\/\/www.laballuejardin.com\/en\/#website"},"primaryImageOfPage":{"@id":"https:\/\/www.laballuejardin.com\/en\/events\/wild-extension-contemporary-dance-festival#primaryimage"},"image":{"@id":"https:\/\/www.laballuejardin.com\/en\/events\/wild-extension-contemporary-dance-festival#primaryimage"},"thumbnailUrl":"https:\/\/www.laballuejardin.com\/wp-content\/uploads\/2018\/05\/rendez-vous_au-jardin-01.jpg","datePublished":"2018-05-29T12:40:10+00:00","dateModified":"2022-05-20T12:28:38+00:00","description":"From the 29th of June to the 1st of July, live the experience Wild Extension 2018 in an amazing green scenary. Only by reservation.","breadcrumb":{"@id":"https:\/\/www.laballuejardin.com\/en\/events\/wild-extension-contemporary-dance-festival#breadcrumb"},"inLanguage":"en-US","potentialAction":[{"@type":"ReadAction","target":["https:\/\/www.laballuejardin.com\/en\/events\/wild-extension-contemporary-dance-festival"]}]},{"@type":"ImageObject","inLanguage":"en-US","@id":"https:\/\/www.laballuejardin.com\/en\/events\/wild-extension-contemporary-dance-festival#primaryimage","url":"https:\/\/www.laballuejardin.com\/wp-content\/uploads\/2018\/05\/rendez-vous_au-jardin-01.jpg","contentUrl":"https:\/\/www.laballuejardin.com\/wp-content\/uploads\/2018\/05\/rendez-vous_au-jardin-01.jpg","width":529,"height":339,"caption":"festival de danse 2018"},{"@type":"BreadcrumbList","@id":"https:\/\/www.laballuejardin.com\/en\/events\/wild-extension-contemporary-dance-festival#breadcrumb","itemListElement":[{"@type":"ListItem","position":1,"name":"Accueil","item":"https:\/\/www.laballuejardin.com\/en"},{"@type":"ListItem","position":2,"name":"Wild Extension Contemporary Dance Festival"}]},{"@type":"WebSite","@id":"https:\/\/www.laballuejardin.com\/en\/#website","url":"https:\/\/www.laballuejardin.com\/en\/","name":"Les Jardins de la Ballue","description":"Joyaux du patrimoine d&#039;Ile et Vilaine","publisher":{"@id":"https:\/\/www.laballuejardin.com\/en\/#organization"},"potentialAction":[{"@type":"SearchAction","target":{"@type":"EntryPoint","urlTemplate":"https:\/\/www.laballuejardin.com\/en\/?s={search_term_string}"},"query-input":{"@type":"PropertyValueSpecification","valueRequired":true,"valueName":"search_term_string"}}],"inLanguage":"en-US"},{"@type":"Organization","@id":"https:\/\/www.laballuejardin.com\/en\/#organization","name":"les Jardins du ch\u00e2teau de la Ballue","url":"https:\/\/www.laballuejardin.com\/en\/","logo":{"@type":"ImageObject","inLanguage":"en-US","@id":"https:\/\/www.laballuejardin.com\/en\/#\/schema\/logo\/image\/","url":"https:\/\/www.laballuejardin.com\/wp-content\/uploads\/2014\/12\/la-ballue-logo1.jpg","contentUrl":"https:\/\/www.laballuejardin.com\/wp-content\/uploads\/2014\/12\/la-ballue-logo1.jpg","width":297,"height":69,"caption":"les Jardins du ch\u00e2teau de la Ballue"},"image":{"@id":"https:\/\/www.laballuejardin.com\/en\/#\/schema\/logo\/image\/"},"sameAs":["https:\/\/www.facebook.com\/LaBalluesonchateauetsesjardins","https:\/\/www.instagram.com\/chateaudelaballue\/","https:\/\/www.linkedin.com\/in\/marie-fran\u00e7oise-mathiot-mathon-17453a87?originalSubdomain=fr","https:\/\/www.pinterest.fr\/laballue\/_created\/","https:\/\/fr.wikipedia.org\/wiki\/Ch\u00e2teau_de_la_Ballue"]},{"@type":"Person","@id":"https:\/\/www.laballuejardin.com\/en\/#\/schema\/person\/f2c026be0f87e46c86fd11055f1a87f5","name":"Les Jardins de La Ballue","description":"\u00c0 quelques kilom\u00e8tres du Mont-Saint-Michel, un univers enchant\u00e9 r\u00e9serve des surprises \u00e0 ceux qui s\u2019y aventurent. Vous d\u00e9couvrez en arrivant un paysage vallonn\u00e9 baign\u00e9 de cette lumi\u00e8re si caract\u00e9ristique \u00e0 la Bretagne et qui, d\u00e9couverte par les impressionnistes, inspira depuis de nombreux peintres."}]}},"_links":{"self":[{"href":"https:\/\/www.laballuejardin.com\/en\/wp-json\/wp\/v2\/posts\/3380","targetHints":{"allow":["GET"]}}],"collection":[{"href":"https:\/\/www.laballuejardin.com\/en\/wp-json\/wp\/v2\/posts"}],"about":[{"href":"https:\/\/www.laballuejardin.com\/en\/wp-json\/wp\/v2\/types\/post"}],"author":[{"embeddable":true,"href":"https:\/\/www.laballuejardin.com\/en\/wp-json\/wp\/v2\/users\/3"}],"replies":[{"embeddable":true,"href":"https:\/\/www.laballuejardin.com\/en\/wp-json\/wp\/v2\/comments?post=3380"}],"version-history":[{"count":3,"href":"https:\/\/www.laballuejardin.com\/en\/wp-json\/wp\/v2\/posts\/3380\/revisions"}],"predecessor-version":[{"id":4347,"href":"https:\/\/www.laballuejardin.com\/en\/wp-json\/wp\/v2\/posts\/3380\/revisions\/4347"}],"wp:featuredmedia":[{"embeddable":true,"href":"https:\/\/www.laballuejardin.com\/en\/wp-json\/wp\/v2\/media\/3376"}],"wp:attachment":[{"href":"https:\/\/www.laballuejardin.com\/en\/wp-json\/wp\/v2\/media?parent=3380"}],"wp:term":[{"taxonomy":"category","embeddable":true,"href":"https:\/\/www.laballuejardin.com\/en\/wp-json\/wp\/v2\/categories?post=3380"},{"taxonomy":"post_tag","embeddable":true,"href":"https:\/\/www.laballuejardin.com\/en\/wp-json\/wp\/v2\/tags?post=3380"}],"curies":[{"name":"wp","href":"https:\/\/api.w.org\/{rel}","templated":true}]}}