{"id":3350,"date":"2018-05-07T11:07:52","date_gmt":"2018-05-07T10:07:52","guid":{"rendered":"https:\/\/www.laballuejardin.com\/?p=3350"},"modified":"2021-04-01T16:06:22","modified_gmt":"2021-04-01T15:06:22","slug":"topiary-art-and-mannerism-10th-edition-may-26-27-2018","status":"publish","type":"post","link":"https:\/\/www.laballuejardin.com\/en\/events\/topiary-art-and-mannerism-10th-edition-may-26-27-2018","title":{"rendered":"\u201cTopiary, Art and Mannerism,\u201d 10th edition, May 26 &#038; 27, 2018"},"content":{"rendered":"<p><strong>The Gardening Event of the Season at Ch\u00e2teau de la Ballue : &#8220;Topiary Art and Mannerism&#8221; 2018<br \/><\/strong><\/p>\n<p>Creating an annual gardening event, something entirely new, of extremely high quality, cannot be improvised, it is not just thrown together. It must resonate with its venue historically, be (literally) cutting-edge, and demonstrate absolute coherence and cohesion. An event whose theme is the Art of Topiary is an obvious choice for the Gardens of la Ballue, as the gardens set the standard for this particular art form. The Gardens of la Ballue is a member of the prestigious European Boxwood and Topiary Society.<\/p>\n<p>La Ballue has more than 300 topiary plants, shrubs and trees, with great botanical diversity and differing sizes and shapes !<\/p>\n<p>Many workshop-demonstrations will be offered to visitors: advice on maintaining and growing these plants, the various pruning techniques, the range of necessary tools and other materials &#8230; all under the direction of <a href=\"https:\/\/www.rustica.fr\/amenagement-jardin\/journees-topiaires-aux-jardins-ballue,13282.html\">Hubert Puzenat<\/a>, the landscape architect and also the talented gardeners. The owner will be present as well, to answer questions about the management of the garden and the work required to run it.<\/p>\n<p>Other events this year after the &#8220;Topiary Art and Mannerism&#8221; 2018:<\/p>\n<ul>\n<li>Saturday 26th, 3:30 PM : Conference about snout moths, which is a news topics for the lovers of boxtree, in collaboration with Districo, French companie, leaded by Thibault CRANCE, home and garden manager for KOPPERT biological systems.<\/li>\n<li>Presentation of the album \u201cBotanical collection of yew in the garden of la Ballue\u201d with a presentation of our collection of botanical boxtree, in the moat garden and also a presentation of the book of the jardins de la Ballue : \u201cVariations sur un jardin\u201d.<\/li>\n<li>Of note: the boutique\/bookstore also offers many books devoted to the art and creation of topiary, as well as a tea room in the gardens which offers a selection of delicious pastry and exclusively, the wonderful Nina teas.<\/li>\n<\/ul>\n<p><strong><br \/>Opening hours: 10:00 AM to 6:30 PM without interruption<\/strong><\/p>\n<p>Admission fees: (normal rates)<br \/>9,50 euros for adults, 7,50 euros for young people 10-18 years old and students, children under 10 free.<\/p>\n\n\n<p>For more information, check out our <a href=\"https:\/\/www.laballuejardin.com\/en\/hours-and-fees\">practical information page<\/a>.<\/p>\n","protected":false},"excerpt":{"rendered":"<p>The Gardening Event of the Season at Ch\u00e2teau de la [&hellip;]<\/p>\n","protected":false},"author":3,"featured_media":3369,"comment_status":"closed","ping_status":"closed","sticky":false,"template":"","format":"standard","meta":{"footnotes":""},"categories":[20,2],"tags":[],"class_list":["post-3350","post","type-post","status-publish","format-standard","has-post-thumbnail","hentry","category-evenements-en","category-events"],"yoast_head":"<!-- This site is optimized with the Yoast SEO plugin v25.2 - https:\/\/yoast.com\/wordpress\/plugins\/seo\/ -->\n<title>Topiary Art and Mannerism 2018- Event Jardins de la Ballue<\/title>\n<meta name=\"description\" content=\"Great event at the La Ballue Gardens, the &quot;Topiary Art and Mannerism&quot; 2018. The Gardening Event of the Season at Ch\u00e2teau de la Ballue.\" \/>\n<meta name=\"robots\" content=\"index, follow, max-snippet:-1, max-image-preview:large, max-video-preview:-1\" \/>\n<link rel=\"canonical\" href=\"https:\/\/www.laballuejardin.com\/en\/events\/topiary-art-and-mannerism-10th-edition-may-26-27-2018\" \/>\n<meta property=\"og:locale\" content=\"en_US\" \/>\n<meta property=\"og:type\" content=\"article\" \/>\n<meta property=\"og:title\" content=\"Topiary Art and Mannerism 2018- Event Jardins de la Ballue\" \/>\n<meta property=\"og:description\" content=\"Great event at the La Ballue Gardens, the &quot;Topiary Art and Mannerism&quot; 2018. The Gardening Event of the Season at Ch\u00e2teau de la Ballue.\" \/>\n<meta property=\"og:url\" content=\"https:\/\/www.laballuejardin.com\/en\/events\/topiary-art-and-mannerism-10th-edition-may-26-27-2018\" \/>\n<meta property=\"og:site_name\" content=\"Les Jardins de la Ballue\" \/>\n<meta property=\"article:publisher\" content=\"https:\/\/www.facebook.com\/LaBalluesonchateauetsesjardins\" \/>\n<meta property=\"article:published_time\" content=\"2018-05-07T10:07:52+00:00\" \/>\n<meta property=\"article:modified_time\" content=\"2021-04-01T15:06:22+00:00\" \/>\n<meta property=\"og:image\" content=\"https:\/\/www.laballuejardin.com\/wp-content\/uploads\/2018\/04\/Topiairelartetlamani\u00e8re_2018.jpg\" \/>\n\t<meta property=\"og:image:width\" content=\"528\" \/>\n\t<meta property=\"og:image:height\" content=\"338\" \/>\n\t<meta property=\"og:image:type\" content=\"image\/jpeg\" \/>\n<meta name=\"author\" content=\"Les Jardins de La Ballue\" \/>\n<meta name=\"twitter:card\" content=\"summary_large_image\" \/>\n<script type=\"application\/ld+json\" class=\"yoast-schema-graph\">{\"@context\":\"https:\/\/schema.org\",\"@graph\":[{\"@type\":\"Article\",\"@id\":\"https:\/\/www.laballuejardin.com\/en\/events\/topiary-art-and-mannerism-10th-edition-may-26-27-2018#article\",\"isPartOf\":{\"@id\":\"https:\/\/www.laballuejardin.com\/en\/events\/topiary-art-and-mannerism-10th-edition-may-26-27-2018\"},\"author\":{\"name\":\"Les Jardins de La Ballue\",\"@id\":\"https:\/\/www.laballuejardin.com\/en\/#\/schema\/person\/f2c026be0f87e46c86fd11055f1a87f5\"},\"headline\":\"\u201cTopiary, Art and Mannerism,\u201d 10th edition, May 26 &#038; 27, 2018\",\"datePublished\":\"2018-05-07T10:07:52+00:00\",\"dateModified\":\"2021-04-01T15:06:22+00:00\",\"mainEntityOfPage\":{\"@id\":\"https:\/\/www.laballuejardin.com\/en\/events\/topiary-art-and-mannerism-10th-edition-may-26-27-2018\"},\"wordCount\":352,\"publisher\":{\"@id\":\"https:\/\/www.laballuejardin.com\/en\/#organization\"},\"image\":{\"@id\":\"https:\/\/www.laballuejardin.com\/en\/events\/topiary-art-and-mannerism-10th-edition-may-26-27-2018#primaryimage\"},\"thumbnailUrl\":\"https:\/\/www.laballuejardin.com\/wp-content\/uploads\/2018\/04\/Topiairelartetlamani\u00e8re_2018.jpg\",\"articleSection\":[\"Ev\u00e8nements\",\"Events\"],\"inLanguage\":\"en-US\"},{\"@type\":\"WebPage\",\"@id\":\"https:\/\/www.laballuejardin.com\/en\/events\/topiary-art-and-mannerism-10th-edition-may-26-27-2018\",\"url\":\"https:\/\/www.laballuejardin.com\/en\/events\/topiary-art-and-mannerism-10th-edition-may-26-27-2018\",\"name\":\"Topiary Art and Mannerism 2018- Event Jardins de la Ballue\",\"isPartOf\":{\"@id\":\"https:\/\/www.laballuejardin.com\/en\/#website\"},\"primaryImageOfPage\":{\"@id\":\"https:\/\/www.laballuejardin.com\/en\/events\/topiary-art-and-mannerism-10th-edition-may-26-27-2018#primaryimage\"},\"image\":{\"@id\":\"https:\/\/www.laballuejardin.com\/en\/events\/topiary-art-and-mannerism-10th-edition-may-26-27-2018#primaryimage\"},\"thumbnailUrl\":\"https:\/\/www.laballuejardin.com\/wp-content\/uploads\/2018\/04\/Topiairelartetlamani\u00e8re_2018.jpg\",\"datePublished\":\"2018-05-07T10:07:52+00:00\",\"dateModified\":\"2021-04-01T15:06:22+00:00\",\"description\":\"Great event at the La Ballue Gardens, the \\\"Topiary Art and Mannerism\\\" 2018. The Gardening Event of the Season at Ch\u00e2teau de la Ballue.\",\"breadcrumb\":{\"@id\":\"https:\/\/www.laballuejardin.com\/en\/events\/topiary-art-and-mannerism-10th-edition-may-26-27-2018#breadcrumb\"},\"inLanguage\":\"en-US\",\"potentialAction\":[{\"@type\":\"ReadAction\",\"target\":[\"https:\/\/www.laballuejardin.com\/en\/events\/topiary-art-and-mannerism-10th-edition-may-26-27-2018\"]}]},{\"@type\":\"ImageObject\",\"inLanguage\":\"en-US\",\"@id\":\"https:\/\/www.laballuejardin.com\/en\/events\/topiary-art-and-mannerism-10th-edition-may-26-27-2018#primaryimage\",\"url\":\"https:\/\/www.laballuejardin.com\/wp-content\/uploads\/2018\/04\/Topiairelartetlamani\u00e8re_2018.jpg\",\"contentUrl\":\"https:\/\/www.laballuejardin.com\/wp-content\/uploads\/2018\/04\/Topiairelartetlamani\u00e8re_2018.jpg\",\"width\":528,\"height\":338,\"caption\":\"\\\"Topiaires l'Art et la Mani\u00e8re\\\" 2018\"},{\"@type\":\"BreadcrumbList\",\"@id\":\"https:\/\/www.laballuejardin.com\/en\/events\/topiary-art-and-mannerism-10th-edition-may-26-27-2018#breadcrumb\",\"itemListElement\":[{\"@type\":\"ListItem\",\"position\":1,\"name\":\"Accueil\",\"item\":\"https:\/\/www.laballuejardin.com\/en\"},{\"@type\":\"ListItem\",\"position\":2,\"name\":\"\u201cTopiary, Art and Mannerism,\u201d 10th edition, May 26 &#038; 27, 2018\"}]},{\"@type\":\"WebSite\",\"@id\":\"https:\/\/www.laballuejardin.com\/en\/#website\",\"url\":\"https:\/\/www.laballuejardin.com\/en\/\",\"name\":\"Les Jardins de la Ballue\",\"description\":\"Joyaux du patrimoine d&#039;Ile et Vilaine\",\"publisher\":{\"@id\":\"https:\/\/www.laballuejardin.com\/en\/#organization\"},\"potentialAction\":[{\"@type\":\"SearchAction\",\"target\":{\"@type\":\"EntryPoint\",\"urlTemplate\":\"https:\/\/www.laballuejardin.com\/en\/?s={search_term_string}\"},\"query-input\":{\"@type\":\"PropertyValueSpecification\",\"valueRequired\":true,\"valueName\":\"search_term_string\"}}],\"inLanguage\":\"en-US\"},{\"@type\":\"Organization\",\"@id\":\"https:\/\/www.laballuejardin.com\/en\/#organization\",\"name\":\"les Jardins du ch\u00e2teau de la Ballue\",\"url\":\"https:\/\/www.laballuejardin.com\/en\/\",\"logo\":{\"@type\":\"ImageObject\",\"inLanguage\":\"en-US\",\"@id\":\"https:\/\/www.laballuejardin.com\/en\/#\/schema\/logo\/image\/\",\"url\":\"https:\/\/www.laballuejardin.com\/wp-content\/uploads\/2014\/12\/la-ballue-logo1.jpg\",\"contentUrl\":\"https:\/\/www.laballuejardin.com\/wp-content\/uploads\/2014\/12\/la-ballue-logo1.jpg\",\"width\":297,\"height\":69,\"caption\":\"les Jardins du ch\u00e2teau de la Ballue\"},\"image\":{\"@id\":\"https:\/\/www.laballuejardin.com\/en\/#\/schema\/logo\/image\/\"},\"sameAs\":[\"https:\/\/www.facebook.com\/LaBalluesonchateauetsesjardins\",\"https:\/\/www.instagram.com\/chateaudelaballue\/\",\"https:\/\/www.linkedin.com\/in\/marie-fran\u00e7oise-mathiot-mathon-17453a87?originalSubdomain=fr\",\"https:\/\/www.pinterest.fr\/laballue\/_created\/\",\"https:\/\/fr.wikipedia.org\/wiki\/Ch\u00e2teau_de_la_Ballue\"]},{\"@type\":\"Person\",\"@id\":\"https:\/\/www.laballuejardin.com\/en\/#\/schema\/person\/f2c026be0f87e46c86fd11055f1a87f5\",\"name\":\"Les Jardins de La Ballue\",\"description\":\"\u00c0 quelques kilom\u00e8tres du Mont-Saint-Michel, un univers enchant\u00e9 r\u00e9serve des surprises \u00e0 ceux qui s\u2019y aventurent. Vous d\u00e9couvrez en arrivant un paysage vallonn\u00e9 baign\u00e9 de cette lumi\u00e8re si caract\u00e9ristique \u00e0 la Bretagne et qui, d\u00e9couverte par les impressionnistes, inspira depuis de nombreux peintres.\"}]}<\/script>\n<!-- \/ Yoast SEO plugin. -->","yoast_head_json":{"title":"Topiary Art and Mannerism 2018- Event Jardins de la Ballue","description":"Great event at the La Ballue Gardens, the \"Topiary Art and Mannerism\" 2018. The Gardening Event of the Season at Ch\u00e2teau de la Ballue.","robots":{"index":"index","follow":"follow","max-snippet":"max-snippet:-1","max-image-preview":"max-image-preview:large","max-video-preview":"max-video-preview:-1"},"canonical":"https:\/\/www.laballuejardin.com\/en\/events\/topiary-art-and-mannerism-10th-edition-may-26-27-2018","og_locale":"en_US","og_type":"article","og_title":"Topiary Art and Mannerism 2018- Event Jardins de la Ballue","og_description":"Great event at the La Ballue Gardens, the \"Topiary Art and Mannerism\" 2018. The Gardening Event of the Season at Ch\u00e2teau de la Ballue.","og_url":"https:\/\/www.laballuejardin.com\/en\/events\/topiary-art-and-mannerism-10th-edition-may-26-27-2018","og_site_name":"Les Jardins de la Ballue","article_publisher":"https:\/\/www.facebook.com\/LaBalluesonchateauetsesjardins","article_published_time":"2018-05-07T10:07:52+00:00","article_modified_time":"2021-04-01T15:06:22+00:00","og_image":[{"width":528,"height":338,"url":"https:\/\/www.laballuejardin.com\/wp-content\/uploads\/2018\/04\/Topiairelartetlamani\u00e8re_2018.jpg","type":"image\/jpeg"}],"author":"Les Jardins de La Ballue","twitter_card":"summary_large_image","schema":{"@context":"https:\/\/schema.org","@graph":[{"@type":"Article","@id":"https:\/\/www.laballuejardin.com\/en\/events\/topiary-art-and-mannerism-10th-edition-may-26-27-2018#article","isPartOf":{"@id":"https:\/\/www.laballuejardin.com\/en\/events\/topiary-art-and-mannerism-10th-edition-may-26-27-2018"},"author":{"name":"Les Jardins de La Ballue","@id":"https:\/\/www.laballuejardin.com\/en\/#\/schema\/person\/f2c026be0f87e46c86fd11055f1a87f5"},"headline":"\u201cTopiary, Art and Mannerism,\u201d 10th edition, May 26 &#038; 27, 2018","datePublished":"2018-05-07T10:07:52+00:00","dateModified":"2021-04-01T15:06:22+00:00","mainEntityOfPage":{"@id":"https:\/\/www.laballuejardin.com\/en\/events\/topiary-art-and-mannerism-10th-edition-may-26-27-2018"},"wordCount":352,"publisher":{"@id":"https:\/\/www.laballuejardin.com\/en\/#organization"},"image":{"@id":"https:\/\/www.laballuejardin.com\/en\/events\/topiary-art-and-mannerism-10th-edition-may-26-27-2018#primaryimage"},"thumbnailUrl":"https:\/\/www.laballuejardin.com\/wp-content\/uploads\/2018\/04\/Topiairelartetlamani\u00e8re_2018.jpg","articleSection":["Ev\u00e8nements","Events"],"inLanguage":"en-US"},{"@type":"WebPage","@id":"https:\/\/www.laballuejardin.com\/en\/events\/topiary-art-and-mannerism-10th-edition-may-26-27-2018","url":"https:\/\/www.laballuejardin.com\/en\/events\/topiary-art-and-mannerism-10th-edition-may-26-27-2018","name":"Topiary Art and Mannerism 2018- Event Jardins de la Ballue","isPartOf":{"@id":"https:\/\/www.laballuejardin.com\/en\/#website"},"primaryImageOfPage":{"@id":"https:\/\/www.laballuejardin.com\/en\/events\/topiary-art-and-mannerism-10th-edition-may-26-27-2018#primaryimage"},"image":{"@id":"https:\/\/www.laballuejardin.com\/en\/events\/topiary-art-and-mannerism-10th-edition-may-26-27-2018#primaryimage"},"thumbnailUrl":"https:\/\/www.laballuejardin.com\/wp-content\/uploads\/2018\/04\/Topiairelartetlamani\u00e8re_2018.jpg","datePublished":"2018-05-07T10:07:52+00:00","dateModified":"2021-04-01T15:06:22+00:00","description":"Great event at the La Ballue Gardens, the \"Topiary Art and Mannerism\" 2018. The Gardening Event of the Season at Ch\u00e2teau de la Ballue.","breadcrumb":{"@id":"https:\/\/www.laballuejardin.com\/en\/events\/topiary-art-and-mannerism-10th-edition-may-26-27-2018#breadcrumb"},"inLanguage":"en-US","potentialAction":[{"@type":"ReadAction","target":["https:\/\/www.laballuejardin.com\/en\/events\/topiary-art-and-mannerism-10th-edition-may-26-27-2018"]}]},{"@type":"ImageObject","inLanguage":"en-US","@id":"https:\/\/www.laballuejardin.com\/en\/events\/topiary-art-and-mannerism-10th-edition-may-26-27-2018#primaryimage","url":"https:\/\/www.laballuejardin.com\/wp-content\/uploads\/2018\/04\/Topiairelartetlamani\u00e8re_2018.jpg","contentUrl":"https:\/\/www.laballuejardin.com\/wp-content\/uploads\/2018\/04\/Topiairelartetlamani\u00e8re_2018.jpg","width":528,"height":338,"caption":"\"Topiaires l'Art et la Mani\u00e8re\" 2018"},{"@type":"BreadcrumbList","@id":"https:\/\/www.laballuejardin.com\/en\/events\/topiary-art-and-mannerism-10th-edition-may-26-27-2018#breadcrumb","itemListElement":[{"@type":"ListItem","position":1,"name":"Accueil","item":"https:\/\/www.laballuejardin.com\/en"},{"@type":"ListItem","position":2,"name":"\u201cTopiary, Art and Mannerism,\u201d 10th edition, May 26 &#038; 27, 2018"}]},{"@type":"WebSite","@id":"https:\/\/www.laballuejardin.com\/en\/#website","url":"https:\/\/www.laballuejardin.com\/en\/","name":"Les Jardins de la Ballue","description":"Joyaux du patrimoine d&#039;Ile et Vilaine","publisher":{"@id":"https:\/\/www.laballuejardin.com\/en\/#organization"},"potentialAction":[{"@type":"SearchAction","target":{"@type":"EntryPoint","urlTemplate":"https:\/\/www.laballuejardin.com\/en\/?s={search_term_string}"},"query-input":{"@type":"PropertyValueSpecification","valueRequired":true,"valueName":"search_term_string"}}],"inLanguage":"en-US"},{"@type":"Organization","@id":"https:\/\/www.laballuejardin.com\/en\/#organization","name":"les Jardins du ch\u00e2teau de la Ballue","url":"https:\/\/www.laballuejardin.com\/en\/","logo":{"@type":"ImageObject","inLanguage":"en-US","@id":"https:\/\/www.laballuejardin.com\/en\/#\/schema\/logo\/image\/","url":"https:\/\/www.laballuejardin.com\/wp-content\/uploads\/2014\/12\/la-ballue-logo1.jpg","contentUrl":"https:\/\/www.laballuejardin.com\/wp-content\/uploads\/2014\/12\/la-ballue-logo1.jpg","width":297,"height":69,"caption":"les Jardins du ch\u00e2teau de la Ballue"},"image":{"@id":"https:\/\/www.laballuejardin.com\/en\/#\/schema\/logo\/image\/"},"sameAs":["https:\/\/www.facebook.com\/LaBalluesonchateauetsesjardins","https:\/\/www.instagram.com\/chateaudelaballue\/","https:\/\/www.linkedin.com\/in\/marie-fran\u00e7oise-mathiot-mathon-17453a87?originalSubdomain=fr","https:\/\/www.pinterest.fr\/laballue\/_created\/","https:\/\/fr.wikipedia.org\/wiki\/Ch\u00e2teau_de_la_Ballue"]},{"@type":"Person","@id":"https:\/\/www.laballuejardin.com\/en\/#\/schema\/person\/f2c026be0f87e46c86fd11055f1a87f5","name":"Les Jardins de La Ballue","description":"\u00c0 quelques kilom\u00e8tres du Mont-Saint-Michel, un univers enchant\u00e9 r\u00e9serve des surprises \u00e0 ceux qui s\u2019y aventurent. Vous d\u00e9couvrez en arrivant un paysage vallonn\u00e9 baign\u00e9 de cette lumi\u00e8re si caract\u00e9ristique \u00e0 la Bretagne et qui, d\u00e9couverte par les impressionnistes, inspira depuis de nombreux peintres."}]}},"_links":{"self":[{"href":"https:\/\/www.laballuejardin.com\/en\/wp-json\/wp\/v2\/posts\/3350","targetHints":{"allow":["GET"]}}],"collection":[{"href":"https:\/\/www.laballuejardin.com\/en\/wp-json\/wp\/v2\/posts"}],"about":[{"href":"https:\/\/www.laballuejardin.com\/en\/wp-json\/wp\/v2\/types\/post"}],"author":[{"embeddable":true,"href":"https:\/\/www.laballuejardin.com\/en\/wp-json\/wp\/v2\/users\/3"}],"replies":[{"embeddable":true,"href":"https:\/\/www.laballuejardin.com\/en\/wp-json\/wp\/v2\/comments?post=3350"}],"version-history":[{"count":3,"href":"https:\/\/www.laballuejardin.com\/en\/wp-json\/wp\/v2\/posts\/3350\/revisions"}],"predecessor-version":[{"id":4350,"href":"https:\/\/www.laballuejardin.com\/en\/wp-json\/wp\/v2\/posts\/3350\/revisions\/4350"}],"wp:featuredmedia":[{"embeddable":true,"href":"https:\/\/www.laballuejardin.com\/en\/wp-json\/wp\/v2\/media\/3369"}],"wp:attachment":[{"href":"https:\/\/www.laballuejardin.com\/en\/wp-json\/wp\/v2\/media?parent=3350"}],"wp:term":[{"taxonomy":"category","embeddable":true,"href":"https:\/\/www.laballuejardin.com\/en\/wp-json\/wp\/v2\/categories?post=3350"},{"taxonomy":"post_tag","embeddable":true,"href":"https:\/\/www.laballuejardin.com\/en\/wp-json\/wp\/v2\/tags?post=3350"}],"curies":[{"name":"wp","href":"https:\/\/api.w.org\/{rel}","templated":true}]}}