{"id":3348,"date":"2018-05-07T11:05:47","date_gmt":"2018-05-07T10:05:47","guid":{"rendered":"https:\/\/www.laballuejardin.com\/?p=3348"},"modified":"2021-04-01T16:02:20","modified_gmt":"2021-04-01T15:02:20","slug":"meeting-at-the-gardens-europe-of-the-gardens-june-1st-to-3r","status":"publish","type":"post","link":"https:\/\/www.laballuejardin.com\/en\/events\/meeting-at-the-gardens-europe-of-the-gardens-june-1st-to-3r","title":{"rendered":"Meeting at the Gardens \u00ab\u00a0Europe of the gardens\u00a0\u00bb, June 1st to 3r"},"content":{"rendered":"<p><strong>16th edition of this National celebratory days proposed by the French Ministry of Culture, for festivities in French gardens : Meeting at the Gardens 2018<br \/>\nThe gardens will stay open from 9:00 AM to 7:00 PM. <\/strong><\/p>\n<p>The gardens of la Ballue has been rewarded with the 2nd price, by the Europen Garden Heritage Network, as one of the most beautiful garden in Europe.<\/p>\n<p>The playful labyrinthine designs of the gardens of La Ballue, inspired by the Baroque Italian gardens of the 17th century are especially fun for children ! We offer a special brochure just for them, both playful and educational, to help them explore the gardens and their architecture. There is one brochure for children less than 9 years old, and another for the older ones. All children who fill out the questionnaire in their brochure will be rewarded !<\/p>\n<p>Program of this special day of the Meeting at the Gardens 2018:<\/p>\n<p>Special school day : Friday 1st, School group are welcome to visit La Ballue for educational visits, but must be reserved in advance.<br \/>\nSaturday 2nd : Guided tour of the garden with the owner of the Ch\u00e2teau at 3:00 PM<br \/>\nSunday 3rd : Concert and animations with the medieval group \u201cLa Menestraudie\u201d and the group of medieval dancers \u201cLes Fou\u2019g\u00e8rent\u201d in medieval suits for the occasion !<\/p>\n<p>And also the presentation of the book \u201c<a href=\"https:\/\/livre.fnac.com\/a4040587\/Marianne-Niermans-La-Ballue-Les-jardins-de-Gardens-of\">La Ballue : variation d\u2019un jardin<\/a>\u201d with the photographies of Yann Monel, and texts of Marianne Niermans.<\/p>\n<p><a href=\"https:\/\/www.laballuejardin.com\/en\/hours-and-fees\">Regular tickets price<\/a>, except for children : FREE UNDER 12 years old for this events !<\/p>\n","protected":false},"excerpt":{"rendered":"<p>16th edition of this National celebratory days proposed by the [&hellip;]<\/p>\n","protected":false},"author":3,"featured_media":3368,"comment_status":"closed","ping_status":"closed","sticky":false,"template":"","format":"standard","meta":{"footnotes":""},"categories":[20,2],"tags":[],"class_list":["post-3348","post","type-post","status-publish","format-standard","has-post-thumbnail","hentry","category-evenements-en","category-events"],"yoast_head":"<!-- This site is optimized with the Yoast SEO plugin v25.2 - https:\/\/yoast.com\/wordpress\/plugins\/seo\/ -->\n<title>Meeting at the Gardens \u00ab Europe of the gardens \u00bb June 2018 at La Ballue<\/title>\n<meta name=\"description\" content=\"Meeting at the Gardens 2018 is the 6th edition of this National celebratory days proposed by the French Ministry of Culture.\" \/>\n<meta name=\"robots\" content=\"index, follow, max-snippet:-1, max-image-preview:large, max-video-preview:-1\" \/>\n<link rel=\"canonical\" href=\"https:\/\/www.laballuejardin.com\/en\/events\/meeting-at-the-gardens-europe-of-the-gardens-june-1st-to-3r\" \/>\n<meta property=\"og:locale\" content=\"en_US\" \/>\n<meta property=\"og:type\" content=\"article\" \/>\n<meta property=\"og:title\" content=\"Meeting at the Gardens \u00ab Europe of the gardens \u00bb June 2018 at La Ballue\" \/>\n<meta property=\"og:description\" content=\"Meeting at the Gardens 2018 is the 6th edition of this National celebratory days proposed by the French Ministry of Culture.\" \/>\n<meta property=\"og:url\" content=\"https:\/\/www.laballuejardin.com\/en\/events\/meeting-at-the-gardens-europe-of-the-gardens-june-1st-to-3r\" \/>\n<meta property=\"og:site_name\" content=\"Les Jardins de la Ballue\" \/>\n<meta property=\"article:publisher\" content=\"https:\/\/www.facebook.com\/LaBalluesonchateauetsesjardins\" \/>\n<meta property=\"article:published_time\" content=\"2018-05-07T10:05:47+00:00\" \/>\n<meta property=\"article:modified_time\" content=\"2021-04-01T15:02:20+00:00\" \/>\n<meta property=\"og:image\" content=\"https:\/\/www.laballuejardin.com\/wp-content\/uploads\/2018\/05\/rendez-vous-au-jardin-1.jpg\" \/>\n\t<meta property=\"og:image:width\" content=\"528\" \/>\n\t<meta property=\"og:image:height\" content=\"338\" \/>\n\t<meta property=\"og:image:type\" content=\"image\/jpeg\" \/>\n<meta name=\"author\" content=\"Les Jardins de La Ballue\" \/>\n<meta name=\"twitter:card\" content=\"summary_large_image\" \/>\n<script type=\"application\/ld+json\" class=\"yoast-schema-graph\">{\"@context\":\"https:\/\/schema.org\",\"@graph\":[{\"@type\":\"Article\",\"@id\":\"https:\/\/www.laballuejardin.com\/en\/events\/meeting-at-the-gardens-europe-of-the-gardens-june-1st-to-3r#article\",\"isPartOf\":{\"@id\":\"https:\/\/www.laballuejardin.com\/en\/events\/meeting-at-the-gardens-europe-of-the-gardens-june-1st-to-3r\"},\"author\":{\"name\":\"Les Jardins de La Ballue\",\"@id\":\"https:\/\/www.laballuejardin.com\/en\/#\/schema\/person\/f2c026be0f87e46c86fd11055f1a87f5\"},\"headline\":\"Meeting at the Gardens \u00ab\u00a0Europe of the gardens\u00a0\u00bb, June 1st to 3r\",\"datePublished\":\"2018-05-07T10:05:47+00:00\",\"dateModified\":\"2021-04-01T15:02:20+00:00\",\"mainEntityOfPage\":{\"@id\":\"https:\/\/www.laballuejardin.com\/en\/events\/meeting-at-the-gardens-europe-of-the-gardens-june-1st-to-3r\"},\"wordCount\":259,\"publisher\":{\"@id\":\"https:\/\/www.laballuejardin.com\/en\/#organization\"},\"image\":{\"@id\":\"https:\/\/www.laballuejardin.com\/en\/events\/meeting-at-the-gardens-europe-of-the-gardens-june-1st-to-3r#primaryimage\"},\"thumbnailUrl\":\"https:\/\/www.laballuejardin.com\/wp-content\/uploads\/2018\/05\/rendez-vous-au-jardin-1.jpg\",\"articleSection\":[\"Ev\u00e8nements\",\"Events\"],\"inLanguage\":\"en-US\"},{\"@type\":\"WebPage\",\"@id\":\"https:\/\/www.laballuejardin.com\/en\/events\/meeting-at-the-gardens-europe-of-the-gardens-june-1st-to-3r\",\"url\":\"https:\/\/www.laballuejardin.com\/en\/events\/meeting-at-the-gardens-europe-of-the-gardens-june-1st-to-3r\",\"name\":\"Meeting at the Gardens \u00ab Europe of the gardens \u00bb June 2018 at La Ballue\",\"isPartOf\":{\"@id\":\"https:\/\/www.laballuejardin.com\/en\/#website\"},\"primaryImageOfPage\":{\"@id\":\"https:\/\/www.laballuejardin.com\/en\/events\/meeting-at-the-gardens-europe-of-the-gardens-june-1st-to-3r#primaryimage\"},\"image\":{\"@id\":\"https:\/\/www.laballuejardin.com\/en\/events\/meeting-at-the-gardens-europe-of-the-gardens-june-1st-to-3r#primaryimage\"},\"thumbnailUrl\":\"https:\/\/www.laballuejardin.com\/wp-content\/uploads\/2018\/05\/rendez-vous-au-jardin-1.jpg\",\"datePublished\":\"2018-05-07T10:05:47+00:00\",\"dateModified\":\"2021-04-01T15:02:20+00:00\",\"description\":\"Meeting at the Gardens 2018 is the 6th edition of this National celebratory days proposed by the French Ministry of Culture.\",\"breadcrumb\":{\"@id\":\"https:\/\/www.laballuejardin.com\/en\/events\/meeting-at-the-gardens-europe-of-the-gardens-june-1st-to-3r#breadcrumb\"},\"inLanguage\":\"en-US\",\"potentialAction\":[{\"@type\":\"ReadAction\",\"target\":[\"https:\/\/www.laballuejardin.com\/en\/events\/meeting-at-the-gardens-europe-of-the-gardens-june-1st-to-3r\"]}]},{\"@type\":\"ImageObject\",\"inLanguage\":\"en-US\",\"@id\":\"https:\/\/www.laballuejardin.com\/en\/events\/meeting-at-the-gardens-europe-of-the-gardens-june-1st-to-3r#primaryimage\",\"url\":\"https:\/\/www.laballuejardin.com\/wp-content\/uploads\/2018\/05\/rendez-vous-au-jardin-1.jpg\",\"contentUrl\":\"https:\/\/www.laballuejardin.com\/wp-content\/uploads\/2018\/05\/rendez-vous-au-jardin-1.jpg\",\"width\":528,\"height\":338},{\"@type\":\"BreadcrumbList\",\"@id\":\"https:\/\/www.laballuejardin.com\/en\/events\/meeting-at-the-gardens-europe-of-the-gardens-june-1st-to-3r#breadcrumb\",\"itemListElement\":[{\"@type\":\"ListItem\",\"position\":1,\"name\":\"Accueil\",\"item\":\"https:\/\/www.laballuejardin.com\/en\"},{\"@type\":\"ListItem\",\"position\":2,\"name\":\"Meeting at the Gardens \u00ab\u00a0Europe of the gardens\u00a0\u00bb, June 1st to 3r\"}]},{\"@type\":\"WebSite\",\"@id\":\"https:\/\/www.laballuejardin.com\/en\/#website\",\"url\":\"https:\/\/www.laballuejardin.com\/en\/\",\"name\":\"Les Jardins de la Ballue\",\"description\":\"Joyaux du patrimoine d&#039;Ile et Vilaine\",\"publisher\":{\"@id\":\"https:\/\/www.laballuejardin.com\/en\/#organization\"},\"potentialAction\":[{\"@type\":\"SearchAction\",\"target\":{\"@type\":\"EntryPoint\",\"urlTemplate\":\"https:\/\/www.laballuejardin.com\/en\/?s={search_term_string}\"},\"query-input\":{\"@type\":\"PropertyValueSpecification\",\"valueRequired\":true,\"valueName\":\"search_term_string\"}}],\"inLanguage\":\"en-US\"},{\"@type\":\"Organization\",\"@id\":\"https:\/\/www.laballuejardin.com\/en\/#organization\",\"name\":\"les Jardins du ch\u00e2teau de la Ballue\",\"url\":\"https:\/\/www.laballuejardin.com\/en\/\",\"logo\":{\"@type\":\"ImageObject\",\"inLanguage\":\"en-US\",\"@id\":\"https:\/\/www.laballuejardin.com\/en\/#\/schema\/logo\/image\/\",\"url\":\"https:\/\/www.laballuejardin.com\/wp-content\/uploads\/2014\/12\/la-ballue-logo1.jpg\",\"contentUrl\":\"https:\/\/www.laballuejardin.com\/wp-content\/uploads\/2014\/12\/la-ballue-logo1.jpg\",\"width\":297,\"height\":69,\"caption\":\"les Jardins du ch\u00e2teau de la Ballue\"},\"image\":{\"@id\":\"https:\/\/www.laballuejardin.com\/en\/#\/schema\/logo\/image\/\"},\"sameAs\":[\"https:\/\/www.facebook.com\/LaBalluesonchateauetsesjardins\",\"https:\/\/www.instagram.com\/chateaudelaballue\/\",\"https:\/\/www.linkedin.com\/in\/marie-fran\u00e7oise-mathiot-mathon-17453a87?originalSubdomain=fr\",\"https:\/\/www.pinterest.fr\/laballue\/_created\/\",\"https:\/\/fr.wikipedia.org\/wiki\/Ch\u00e2teau_de_la_Ballue\"]},{\"@type\":\"Person\",\"@id\":\"https:\/\/www.laballuejardin.com\/en\/#\/schema\/person\/f2c026be0f87e46c86fd11055f1a87f5\",\"name\":\"Les Jardins de La Ballue\",\"description\":\"\u00c0 quelques kilom\u00e8tres du Mont-Saint-Michel, un univers enchant\u00e9 r\u00e9serve des surprises \u00e0 ceux qui s\u2019y aventurent. Vous d\u00e9couvrez en arrivant un paysage vallonn\u00e9 baign\u00e9 de cette lumi\u00e8re si caract\u00e9ristique \u00e0 la Bretagne et qui, d\u00e9couverte par les impressionnistes, inspira depuis de nombreux peintres.\"}]}<\/script>\n<!-- \/ Yoast SEO plugin. -->","yoast_head_json":{"title":"Meeting at the Gardens \u00ab Europe of the gardens \u00bb June 2018 at La Ballue","description":"Meeting at the Gardens 2018 is the 6th edition of this National celebratory days proposed by the French Ministry of Culture.","robots":{"index":"index","follow":"follow","max-snippet":"max-snippet:-1","max-image-preview":"max-image-preview:large","max-video-preview":"max-video-preview:-1"},"canonical":"https:\/\/www.laballuejardin.com\/en\/events\/meeting-at-the-gardens-europe-of-the-gardens-june-1st-to-3r","og_locale":"en_US","og_type":"article","og_title":"Meeting at the Gardens \u00ab Europe of the gardens \u00bb June 2018 at La Ballue","og_description":"Meeting at the Gardens 2018 is the 6th edition of this National celebratory days proposed by the French Ministry of Culture.","og_url":"https:\/\/www.laballuejardin.com\/en\/events\/meeting-at-the-gardens-europe-of-the-gardens-june-1st-to-3r","og_site_name":"Les Jardins de la Ballue","article_publisher":"https:\/\/www.facebook.com\/LaBalluesonchateauetsesjardins","article_published_time":"2018-05-07T10:05:47+00:00","article_modified_time":"2021-04-01T15:02:20+00:00","og_image":[{"width":528,"height":338,"url":"https:\/\/www.laballuejardin.com\/wp-content\/uploads\/2018\/05\/rendez-vous-au-jardin-1.jpg","type":"image\/jpeg"}],"author":"Les Jardins de La Ballue","twitter_card":"summary_large_image","schema":{"@context":"https:\/\/schema.org","@graph":[{"@type":"Article","@id":"https:\/\/www.laballuejardin.com\/en\/events\/meeting-at-the-gardens-europe-of-the-gardens-june-1st-to-3r#article","isPartOf":{"@id":"https:\/\/www.laballuejardin.com\/en\/events\/meeting-at-the-gardens-europe-of-the-gardens-june-1st-to-3r"},"author":{"name":"Les Jardins de La Ballue","@id":"https:\/\/www.laballuejardin.com\/en\/#\/schema\/person\/f2c026be0f87e46c86fd11055f1a87f5"},"headline":"Meeting at the Gardens \u00ab\u00a0Europe of the gardens\u00a0\u00bb, June 1st to 3r","datePublished":"2018-05-07T10:05:47+00:00","dateModified":"2021-04-01T15:02:20+00:00","mainEntityOfPage":{"@id":"https:\/\/www.laballuejardin.com\/en\/events\/meeting-at-the-gardens-europe-of-the-gardens-june-1st-to-3r"},"wordCount":259,"publisher":{"@id":"https:\/\/www.laballuejardin.com\/en\/#organization"},"image":{"@id":"https:\/\/www.laballuejardin.com\/en\/events\/meeting-at-the-gardens-europe-of-the-gardens-june-1st-to-3r#primaryimage"},"thumbnailUrl":"https:\/\/www.laballuejardin.com\/wp-content\/uploads\/2018\/05\/rendez-vous-au-jardin-1.jpg","articleSection":["Ev\u00e8nements","Events"],"inLanguage":"en-US"},{"@type":"WebPage","@id":"https:\/\/www.laballuejardin.com\/en\/events\/meeting-at-the-gardens-europe-of-the-gardens-june-1st-to-3r","url":"https:\/\/www.laballuejardin.com\/en\/events\/meeting-at-the-gardens-europe-of-the-gardens-june-1st-to-3r","name":"Meeting at the Gardens \u00ab Europe of the gardens \u00bb June 2018 at La Ballue","isPartOf":{"@id":"https:\/\/www.laballuejardin.com\/en\/#website"},"primaryImageOfPage":{"@id":"https:\/\/www.laballuejardin.com\/en\/events\/meeting-at-the-gardens-europe-of-the-gardens-june-1st-to-3r#primaryimage"},"image":{"@id":"https:\/\/www.laballuejardin.com\/en\/events\/meeting-at-the-gardens-europe-of-the-gardens-june-1st-to-3r#primaryimage"},"thumbnailUrl":"https:\/\/www.laballuejardin.com\/wp-content\/uploads\/2018\/05\/rendez-vous-au-jardin-1.jpg","datePublished":"2018-05-07T10:05:47+00:00","dateModified":"2021-04-01T15:02:20+00:00","description":"Meeting at the Gardens 2018 is the 6th edition of this National celebratory days proposed by the French Ministry of Culture.","breadcrumb":{"@id":"https:\/\/www.laballuejardin.com\/en\/events\/meeting-at-the-gardens-europe-of-the-gardens-june-1st-to-3r#breadcrumb"},"inLanguage":"en-US","potentialAction":[{"@type":"ReadAction","target":["https:\/\/www.laballuejardin.com\/en\/events\/meeting-at-the-gardens-europe-of-the-gardens-june-1st-to-3r"]}]},{"@type":"ImageObject","inLanguage":"en-US","@id":"https:\/\/www.laballuejardin.com\/en\/events\/meeting-at-the-gardens-europe-of-the-gardens-june-1st-to-3r#primaryimage","url":"https:\/\/www.laballuejardin.com\/wp-content\/uploads\/2018\/05\/rendez-vous-au-jardin-1.jpg","contentUrl":"https:\/\/www.laballuejardin.com\/wp-content\/uploads\/2018\/05\/rendez-vous-au-jardin-1.jpg","width":528,"height":338},{"@type":"BreadcrumbList","@id":"https:\/\/www.laballuejardin.com\/en\/events\/meeting-at-the-gardens-europe-of-the-gardens-june-1st-to-3r#breadcrumb","itemListElement":[{"@type":"ListItem","position":1,"name":"Accueil","item":"https:\/\/www.laballuejardin.com\/en"},{"@type":"ListItem","position":2,"name":"Meeting at the Gardens \u00ab\u00a0Europe of the gardens\u00a0\u00bb, June 1st to 3r"}]},{"@type":"WebSite","@id":"https:\/\/www.laballuejardin.com\/en\/#website","url":"https:\/\/www.laballuejardin.com\/en\/","name":"Les Jardins de la Ballue","description":"Joyaux du patrimoine d&#039;Ile et Vilaine","publisher":{"@id":"https:\/\/www.laballuejardin.com\/en\/#organization"},"potentialAction":[{"@type":"SearchAction","target":{"@type":"EntryPoint","urlTemplate":"https:\/\/www.laballuejardin.com\/en\/?s={search_term_string}"},"query-input":{"@type":"PropertyValueSpecification","valueRequired":true,"valueName":"search_term_string"}}],"inLanguage":"en-US"},{"@type":"Organization","@id":"https:\/\/www.laballuejardin.com\/en\/#organization","name":"les Jardins du ch\u00e2teau de la Ballue","url":"https:\/\/www.laballuejardin.com\/en\/","logo":{"@type":"ImageObject","inLanguage":"en-US","@id":"https:\/\/www.laballuejardin.com\/en\/#\/schema\/logo\/image\/","url":"https:\/\/www.laballuejardin.com\/wp-content\/uploads\/2014\/12\/la-ballue-logo1.jpg","contentUrl":"https:\/\/www.laballuejardin.com\/wp-content\/uploads\/2014\/12\/la-ballue-logo1.jpg","width":297,"height":69,"caption":"les Jardins du ch\u00e2teau de la Ballue"},"image":{"@id":"https:\/\/www.laballuejardin.com\/en\/#\/schema\/logo\/image\/"},"sameAs":["https:\/\/www.facebook.com\/LaBalluesonchateauetsesjardins","https:\/\/www.instagram.com\/chateaudelaballue\/","https:\/\/www.linkedin.com\/in\/marie-fran\u00e7oise-mathiot-mathon-17453a87?originalSubdomain=fr","https:\/\/www.pinterest.fr\/laballue\/_created\/","https:\/\/fr.wikipedia.org\/wiki\/Ch\u00e2teau_de_la_Ballue"]},{"@type":"Person","@id":"https:\/\/www.laballuejardin.com\/en\/#\/schema\/person\/f2c026be0f87e46c86fd11055f1a87f5","name":"Les Jardins de La Ballue","description":"\u00c0 quelques kilom\u00e8tres du Mont-Saint-Michel, un univers enchant\u00e9 r\u00e9serve des surprises \u00e0 ceux qui s\u2019y aventurent. Vous d\u00e9couvrez en arrivant un paysage vallonn\u00e9 baign\u00e9 de cette lumi\u00e8re si caract\u00e9ristique \u00e0 la Bretagne et qui, d\u00e9couverte par les impressionnistes, inspira depuis de nombreux peintres."}]}},"_links":{"self":[{"href":"https:\/\/www.laballuejardin.com\/en\/wp-json\/wp\/v2\/posts\/3348","targetHints":{"allow":["GET"]}}],"collection":[{"href":"https:\/\/www.laballuejardin.com\/en\/wp-json\/wp\/v2\/posts"}],"about":[{"href":"https:\/\/www.laballuejardin.com\/en\/wp-json\/wp\/v2\/types\/post"}],"author":[{"embeddable":true,"href":"https:\/\/www.laballuejardin.com\/en\/wp-json\/wp\/v2\/users\/3"}],"replies":[{"embeddable":true,"href":"https:\/\/www.laballuejardin.com\/en\/wp-json\/wp\/v2\/comments?post=3348"}],"version-history":[{"count":3,"href":"https:\/\/www.laballuejardin.com\/en\/wp-json\/wp\/v2\/posts\/3348\/revisions"}],"predecessor-version":[{"id":4421,"href":"https:\/\/www.laballuejardin.com\/en\/wp-json\/wp\/v2\/posts\/3348\/revisions\/4421"}],"wp:featuredmedia":[{"embeddable":true,"href":"https:\/\/www.laballuejardin.com\/en\/wp-json\/wp\/v2\/media\/3368"}],"wp:attachment":[{"href":"https:\/\/www.laballuejardin.com\/en\/wp-json\/wp\/v2\/media?parent=3348"}],"wp:term":[{"taxonomy":"category","embeddable":true,"href":"https:\/\/www.laballuejardin.com\/en\/wp-json\/wp\/v2\/categories?post=3348"},{"taxonomy":"post_tag","embeddable":true,"href":"https:\/\/www.laballuejardin.com\/en\/wp-json\/wp\/v2\/tags?post=3348"}],"curies":[{"name":"wp","href":"https:\/\/api.w.org\/{rel}","templated":true}]}}