{"id":3346,"date":"2018-05-07T10:55:49","date_gmt":"2018-05-07T09:55:49","guid":{"rendered":"https:\/\/www.laballuejardin.com\/?p=3346"},"modified":"2021-04-01T14:29:03","modified_gmt":"2021-04-01T13:29:03","slug":"neurodon-16th-edition-of-the-great-solidarity-week-end-in-the-garden-of-la-ballue","status":"publish","type":"post","link":"https:\/\/www.laballuejardin.com\/en\/events\/neurodon-16th-edition-of-the-great-solidarity-week-end-in-the-garden-of-la-ballue","title":{"rendered":"NEURODON : 16th edition of the great solidarity week-end in the garden of La Ballue,"},"content":{"rendered":"<p><b>The Neurodon 2018 on May 5th; 6th, 7th and 8th<\/b><\/p>\n<p>An exceptional series of events, timed to coincide with the full flowering in the gardens and it\u2019s all for a great cause, The <a href=\"https:\/\/www.frcneurodon.org\/\">Neurodon<\/a> 2018. Each paid admission to the gardens includes a 2\u20ac contribution to the FRC, to help with research on diseases affecting the brain.<\/p>\n<p>This event features a magnificent moment in the annual cycle of these gardens, its high point being the wisteria in full bloom, the green glory of the topiary and the lushness of the groves.<\/p>\n<p>From 10:00 AM to 6:30 PM over the four days.<br \/>10,50\u20ac adults \/ 8,50\u20ac 10 y.o to 18 y.o and students \/ Free under 10 years old<\/p>\n<p>Monday 7th, and Tuesday 8th in the morning : Mrs Marion Tibles, researcher in neurosciences, post-doctoral at the university hospital La Piti\u00e9 Salp\u00eatri\u00e8re in Paris, will be here to answer to your questions and animate this event !<\/p>\n\n\n<p>Not available on those dates, <a href=\"https:\/\/www.laballuejardin.com\/en\/online-tickets\">book your visit for next week end<\/a> !<\/p>\n","protected":false},"excerpt":{"rendered":"<p>The Neurodon 2018 on May 5th; 6th, 7th and 8th [&hellip;]<\/p>\n","protected":false},"author":3,"featured_media":3371,"comment_status":"closed","ping_status":"closed","sticky":false,"template":"","format":"standard","meta":{"footnotes":""},"categories":[20,2],"tags":[],"class_list":["post-3346","post","type-post","status-publish","format-standard","has-post-thumbnail","hentry","category-evenements-en","category-events"],"yoast_head":"<!-- This site is optimized with the Yoast SEO plugin v25.2 - https:\/\/yoast.com\/wordpress\/plugins\/seo\/ -->\n<title>The Neurodon 2018 Special - Event Jardins de la Ballue<\/title>\n<meta name=\"description\" content=\"For the Neurodon 2018, each paid admission to the gardens includes a 2\u20ac contribution to the FRC, to help with research on brain disease.\" \/>\n<meta name=\"robots\" content=\"index, follow, max-snippet:-1, max-image-preview:large, max-video-preview:-1\" \/>\n<link rel=\"canonical\" href=\"https:\/\/www.laballuejardin.com\/en\/events\/neurodon-16th-edition-of-the-great-solidarity-week-end-in-the-garden-of-la-ballue\" \/>\n<meta property=\"og:locale\" content=\"en_US\" \/>\n<meta property=\"og:type\" content=\"article\" \/>\n<meta property=\"og:title\" content=\"The Neurodon 2018 Special - Event Jardins de la Ballue\" \/>\n<meta property=\"og:description\" content=\"For the Neurodon 2018, each paid admission to the gardens includes a 2\u20ac contribution to the FRC, to help with research on brain disease.\" \/>\n<meta property=\"og:url\" content=\"https:\/\/www.laballuejardin.com\/en\/events\/neurodon-16th-edition-of-the-great-solidarity-week-end-in-the-garden-of-la-ballue\" \/>\n<meta property=\"og:site_name\" content=\"Les Jardins de la Ballue\" \/>\n<meta property=\"article:publisher\" content=\"https:\/\/www.facebook.com\/LaBalluesonchateauetsesjardins\" \/>\n<meta property=\"article:published_time\" content=\"2018-05-07T09:55:49+00:00\" \/>\n<meta property=\"article:modified_time\" content=\"2021-04-01T13:29:03+00:00\" \/>\n<meta property=\"og:image\" content=\"https:\/\/www.laballuejardin.com\/wp-content\/uploads\/2018\/04\/16\u00e8me-edition-neurodon.jpg\" \/>\n\t<meta property=\"og:image:width\" content=\"528\" \/>\n\t<meta property=\"og:image:height\" content=\"338\" \/>\n\t<meta property=\"og:image:type\" content=\"image\/jpeg\" \/>\n<meta name=\"author\" content=\"Les Jardins de La Ballue\" \/>\n<meta name=\"twitter:card\" content=\"summary_large_image\" \/>\n<script type=\"application\/ld+json\" class=\"yoast-schema-graph\">{\"@context\":\"https:\/\/schema.org\",\"@graph\":[{\"@type\":\"Article\",\"@id\":\"https:\/\/www.laballuejardin.com\/en\/events\/neurodon-16th-edition-of-the-great-solidarity-week-end-in-the-garden-of-la-ballue#article\",\"isPartOf\":{\"@id\":\"https:\/\/www.laballuejardin.com\/en\/events\/neurodon-16th-edition-of-the-great-solidarity-week-end-in-the-garden-of-la-ballue\"},\"author\":{\"name\":\"Les Jardins de La Ballue\",\"@id\":\"https:\/\/www.laballuejardin.com\/en\/#\/schema\/person\/f2c026be0f87e46c86fd11055f1a87f5\"},\"headline\":\"NEURODON : 16th edition of the great solidarity week-end in the garden of La Ballue,\",\"datePublished\":\"2018-05-07T09:55:49+00:00\",\"dateModified\":\"2021-04-01T13:29:03+00:00\",\"mainEntityOfPage\":{\"@id\":\"https:\/\/www.laballuejardin.com\/en\/events\/neurodon-16th-edition-of-the-great-solidarity-week-end-in-the-garden-of-la-ballue\"},\"wordCount\":173,\"publisher\":{\"@id\":\"https:\/\/www.laballuejardin.com\/en\/#organization\"},\"image\":{\"@id\":\"https:\/\/www.laballuejardin.com\/en\/events\/neurodon-16th-edition-of-the-great-solidarity-week-end-in-the-garden-of-la-ballue#primaryimage\"},\"thumbnailUrl\":\"https:\/\/www.laballuejardin.com\/wp-content\/uploads\/2018\/04\/16\u00e8me-edition-neurodon.jpg\",\"articleSection\":[\"Ev\u00e8nements\",\"Events\"],\"inLanguage\":\"en-US\"},{\"@type\":\"WebPage\",\"@id\":\"https:\/\/www.laballuejardin.com\/en\/events\/neurodon-16th-edition-of-the-great-solidarity-week-end-in-the-garden-of-la-ballue\",\"url\":\"https:\/\/www.laballuejardin.com\/en\/events\/neurodon-16th-edition-of-the-great-solidarity-week-end-in-the-garden-of-la-ballue\",\"name\":\"The Neurodon 2018 Special - Event Jardins de la Ballue\",\"isPartOf\":{\"@id\":\"https:\/\/www.laballuejardin.com\/en\/#website\"},\"primaryImageOfPage\":{\"@id\":\"https:\/\/www.laballuejardin.com\/en\/events\/neurodon-16th-edition-of-the-great-solidarity-week-end-in-the-garden-of-la-ballue#primaryimage\"},\"image\":{\"@id\":\"https:\/\/www.laballuejardin.com\/en\/events\/neurodon-16th-edition-of-the-great-solidarity-week-end-in-the-garden-of-la-ballue#primaryimage\"},\"thumbnailUrl\":\"https:\/\/www.laballuejardin.com\/wp-content\/uploads\/2018\/04\/16\u00e8me-edition-neurodon.jpg\",\"datePublished\":\"2018-05-07T09:55:49+00:00\",\"dateModified\":\"2021-04-01T13:29:03+00:00\",\"description\":\"For the Neurodon 2018, each paid admission to the gardens includes a 2\u20ac contribution to the FRC, to help with research on brain disease.\",\"breadcrumb\":{\"@id\":\"https:\/\/www.laballuejardin.com\/en\/events\/neurodon-16th-edition-of-the-great-solidarity-week-end-in-the-garden-of-la-ballue#breadcrumb\"},\"inLanguage\":\"en-US\",\"potentialAction\":[{\"@type\":\"ReadAction\",\"target\":[\"https:\/\/www.laballuejardin.com\/en\/events\/neurodon-16th-edition-of-the-great-solidarity-week-end-in-the-garden-of-la-ballue\"]}]},{\"@type\":\"ImageObject\",\"inLanguage\":\"en-US\",\"@id\":\"https:\/\/www.laballuejardin.com\/en\/events\/neurodon-16th-edition-of-the-great-solidarity-week-end-in-the-garden-of-la-ballue#primaryimage\",\"url\":\"https:\/\/www.laballuejardin.com\/wp-content\/uploads\/2018\/04\/16\u00e8me-edition-neurodon.jpg\",\"contentUrl\":\"https:\/\/www.laballuejardin.com\/wp-content\/uploads\/2018\/04\/16\u00e8me-edition-neurodon.jpg\",\"width\":528,\"height\":338,\"caption\":\"Neurodons 2018\"},{\"@type\":\"BreadcrumbList\",\"@id\":\"https:\/\/www.laballuejardin.com\/en\/events\/neurodon-16th-edition-of-the-great-solidarity-week-end-in-the-garden-of-la-ballue#breadcrumb\",\"itemListElement\":[{\"@type\":\"ListItem\",\"position\":1,\"name\":\"Accueil\",\"item\":\"https:\/\/www.laballuejardin.com\/en\"},{\"@type\":\"ListItem\",\"position\":2,\"name\":\"NEURODON : 16th edition of the great solidarity week-end in the garden of La Ballue,\"}]},{\"@type\":\"WebSite\",\"@id\":\"https:\/\/www.laballuejardin.com\/en\/#website\",\"url\":\"https:\/\/www.laballuejardin.com\/en\/\",\"name\":\"Les Jardins de la Ballue\",\"description\":\"Joyaux du patrimoine d&#039;Ile et Vilaine\",\"publisher\":{\"@id\":\"https:\/\/www.laballuejardin.com\/en\/#organization\"},\"potentialAction\":[{\"@type\":\"SearchAction\",\"target\":{\"@type\":\"EntryPoint\",\"urlTemplate\":\"https:\/\/www.laballuejardin.com\/en\/?s={search_term_string}\"},\"query-input\":{\"@type\":\"PropertyValueSpecification\",\"valueRequired\":true,\"valueName\":\"search_term_string\"}}],\"inLanguage\":\"en-US\"},{\"@type\":\"Organization\",\"@id\":\"https:\/\/www.laballuejardin.com\/en\/#organization\",\"name\":\"les Jardins du ch\u00e2teau de la Ballue\",\"url\":\"https:\/\/www.laballuejardin.com\/en\/\",\"logo\":{\"@type\":\"ImageObject\",\"inLanguage\":\"en-US\",\"@id\":\"https:\/\/www.laballuejardin.com\/en\/#\/schema\/logo\/image\/\",\"url\":\"https:\/\/www.laballuejardin.com\/wp-content\/uploads\/2014\/12\/la-ballue-logo1.jpg\",\"contentUrl\":\"https:\/\/www.laballuejardin.com\/wp-content\/uploads\/2014\/12\/la-ballue-logo1.jpg\",\"width\":297,\"height\":69,\"caption\":\"les Jardins du ch\u00e2teau de la Ballue\"},\"image\":{\"@id\":\"https:\/\/www.laballuejardin.com\/en\/#\/schema\/logo\/image\/\"},\"sameAs\":[\"https:\/\/www.facebook.com\/LaBalluesonchateauetsesjardins\",\"https:\/\/www.instagram.com\/chateaudelaballue\/\",\"https:\/\/www.linkedin.com\/in\/marie-fran\u00e7oise-mathiot-mathon-17453a87?originalSubdomain=fr\",\"https:\/\/www.pinterest.fr\/laballue\/_created\/\",\"https:\/\/fr.wikipedia.org\/wiki\/Ch\u00e2teau_de_la_Ballue\"]},{\"@type\":\"Person\",\"@id\":\"https:\/\/www.laballuejardin.com\/en\/#\/schema\/person\/f2c026be0f87e46c86fd11055f1a87f5\",\"name\":\"Les Jardins de La Ballue\",\"description\":\"\u00c0 quelques kilom\u00e8tres du Mont-Saint-Michel, un univers enchant\u00e9 r\u00e9serve des surprises \u00e0 ceux qui s\u2019y aventurent. Vous d\u00e9couvrez en arrivant un paysage vallonn\u00e9 baign\u00e9 de cette lumi\u00e8re si caract\u00e9ristique \u00e0 la Bretagne et qui, d\u00e9couverte par les impressionnistes, inspira depuis de nombreux peintres.\"}]}<\/script>\n<!-- \/ Yoast SEO plugin. -->","yoast_head_json":{"title":"The Neurodon 2018 Special - Event Jardins de la Ballue","description":"For the Neurodon 2018, each paid admission to the gardens includes a 2\u20ac contribution to the FRC, to help with research on brain disease.","robots":{"index":"index","follow":"follow","max-snippet":"max-snippet:-1","max-image-preview":"max-image-preview:large","max-video-preview":"max-video-preview:-1"},"canonical":"https:\/\/www.laballuejardin.com\/en\/events\/neurodon-16th-edition-of-the-great-solidarity-week-end-in-the-garden-of-la-ballue","og_locale":"en_US","og_type":"article","og_title":"The Neurodon 2018 Special - Event Jardins de la Ballue","og_description":"For the Neurodon 2018, each paid admission to the gardens includes a 2\u20ac contribution to the FRC, to help with research on brain disease.","og_url":"https:\/\/www.laballuejardin.com\/en\/events\/neurodon-16th-edition-of-the-great-solidarity-week-end-in-the-garden-of-la-ballue","og_site_name":"Les Jardins de la Ballue","article_publisher":"https:\/\/www.facebook.com\/LaBalluesonchateauetsesjardins","article_published_time":"2018-05-07T09:55:49+00:00","article_modified_time":"2021-04-01T13:29:03+00:00","og_image":[{"width":528,"height":338,"url":"https:\/\/www.laballuejardin.com\/wp-content\/uploads\/2018\/04\/16\u00e8me-edition-neurodon.jpg","type":"image\/jpeg"}],"author":"Les Jardins de La Ballue","twitter_card":"summary_large_image","schema":{"@context":"https:\/\/schema.org","@graph":[{"@type":"Article","@id":"https:\/\/www.laballuejardin.com\/en\/events\/neurodon-16th-edition-of-the-great-solidarity-week-end-in-the-garden-of-la-ballue#article","isPartOf":{"@id":"https:\/\/www.laballuejardin.com\/en\/events\/neurodon-16th-edition-of-the-great-solidarity-week-end-in-the-garden-of-la-ballue"},"author":{"name":"Les Jardins de La Ballue","@id":"https:\/\/www.laballuejardin.com\/en\/#\/schema\/person\/f2c026be0f87e46c86fd11055f1a87f5"},"headline":"NEURODON : 16th edition of the great solidarity week-end in the garden of La Ballue,","datePublished":"2018-05-07T09:55:49+00:00","dateModified":"2021-04-01T13:29:03+00:00","mainEntityOfPage":{"@id":"https:\/\/www.laballuejardin.com\/en\/events\/neurodon-16th-edition-of-the-great-solidarity-week-end-in-the-garden-of-la-ballue"},"wordCount":173,"publisher":{"@id":"https:\/\/www.laballuejardin.com\/en\/#organization"},"image":{"@id":"https:\/\/www.laballuejardin.com\/en\/events\/neurodon-16th-edition-of-the-great-solidarity-week-end-in-the-garden-of-la-ballue#primaryimage"},"thumbnailUrl":"https:\/\/www.laballuejardin.com\/wp-content\/uploads\/2018\/04\/16\u00e8me-edition-neurodon.jpg","articleSection":["Ev\u00e8nements","Events"],"inLanguage":"en-US"},{"@type":"WebPage","@id":"https:\/\/www.laballuejardin.com\/en\/events\/neurodon-16th-edition-of-the-great-solidarity-week-end-in-the-garden-of-la-ballue","url":"https:\/\/www.laballuejardin.com\/en\/events\/neurodon-16th-edition-of-the-great-solidarity-week-end-in-the-garden-of-la-ballue","name":"The Neurodon 2018 Special - Event Jardins de la Ballue","isPartOf":{"@id":"https:\/\/www.laballuejardin.com\/en\/#website"},"primaryImageOfPage":{"@id":"https:\/\/www.laballuejardin.com\/en\/events\/neurodon-16th-edition-of-the-great-solidarity-week-end-in-the-garden-of-la-ballue#primaryimage"},"image":{"@id":"https:\/\/www.laballuejardin.com\/en\/events\/neurodon-16th-edition-of-the-great-solidarity-week-end-in-the-garden-of-la-ballue#primaryimage"},"thumbnailUrl":"https:\/\/www.laballuejardin.com\/wp-content\/uploads\/2018\/04\/16\u00e8me-edition-neurodon.jpg","datePublished":"2018-05-07T09:55:49+00:00","dateModified":"2021-04-01T13:29:03+00:00","description":"For the Neurodon 2018, each paid admission to the gardens includes a 2\u20ac contribution to the FRC, to help with research on brain disease.","breadcrumb":{"@id":"https:\/\/www.laballuejardin.com\/en\/events\/neurodon-16th-edition-of-the-great-solidarity-week-end-in-the-garden-of-la-ballue#breadcrumb"},"inLanguage":"en-US","potentialAction":[{"@type":"ReadAction","target":["https:\/\/www.laballuejardin.com\/en\/events\/neurodon-16th-edition-of-the-great-solidarity-week-end-in-the-garden-of-la-ballue"]}]},{"@type":"ImageObject","inLanguage":"en-US","@id":"https:\/\/www.laballuejardin.com\/en\/events\/neurodon-16th-edition-of-the-great-solidarity-week-end-in-the-garden-of-la-ballue#primaryimage","url":"https:\/\/www.laballuejardin.com\/wp-content\/uploads\/2018\/04\/16\u00e8me-edition-neurodon.jpg","contentUrl":"https:\/\/www.laballuejardin.com\/wp-content\/uploads\/2018\/04\/16\u00e8me-edition-neurodon.jpg","width":528,"height":338,"caption":"Neurodons 2018"},{"@type":"BreadcrumbList","@id":"https:\/\/www.laballuejardin.com\/en\/events\/neurodon-16th-edition-of-the-great-solidarity-week-end-in-the-garden-of-la-ballue#breadcrumb","itemListElement":[{"@type":"ListItem","position":1,"name":"Accueil","item":"https:\/\/www.laballuejardin.com\/en"},{"@type":"ListItem","position":2,"name":"NEURODON : 16th edition of the great solidarity week-end in the garden of La Ballue,"}]},{"@type":"WebSite","@id":"https:\/\/www.laballuejardin.com\/en\/#website","url":"https:\/\/www.laballuejardin.com\/en\/","name":"Les Jardins de la Ballue","description":"Joyaux du patrimoine d&#039;Ile et Vilaine","publisher":{"@id":"https:\/\/www.laballuejardin.com\/en\/#organization"},"potentialAction":[{"@type":"SearchAction","target":{"@type":"EntryPoint","urlTemplate":"https:\/\/www.laballuejardin.com\/en\/?s={search_term_string}"},"query-input":{"@type":"PropertyValueSpecification","valueRequired":true,"valueName":"search_term_string"}}],"inLanguage":"en-US"},{"@type":"Organization","@id":"https:\/\/www.laballuejardin.com\/en\/#organization","name":"les Jardins du ch\u00e2teau de la Ballue","url":"https:\/\/www.laballuejardin.com\/en\/","logo":{"@type":"ImageObject","inLanguage":"en-US","@id":"https:\/\/www.laballuejardin.com\/en\/#\/schema\/logo\/image\/","url":"https:\/\/www.laballuejardin.com\/wp-content\/uploads\/2014\/12\/la-ballue-logo1.jpg","contentUrl":"https:\/\/www.laballuejardin.com\/wp-content\/uploads\/2014\/12\/la-ballue-logo1.jpg","width":297,"height":69,"caption":"les Jardins du ch\u00e2teau de la Ballue"},"image":{"@id":"https:\/\/www.laballuejardin.com\/en\/#\/schema\/logo\/image\/"},"sameAs":["https:\/\/www.facebook.com\/LaBalluesonchateauetsesjardins","https:\/\/www.instagram.com\/chateaudelaballue\/","https:\/\/www.linkedin.com\/in\/marie-fran\u00e7oise-mathiot-mathon-17453a87?originalSubdomain=fr","https:\/\/www.pinterest.fr\/laballue\/_created\/","https:\/\/fr.wikipedia.org\/wiki\/Ch\u00e2teau_de_la_Ballue"]},{"@type":"Person","@id":"https:\/\/www.laballuejardin.com\/en\/#\/schema\/person\/f2c026be0f87e46c86fd11055f1a87f5","name":"Les Jardins de La Ballue","description":"\u00c0 quelques kilom\u00e8tres du Mont-Saint-Michel, un univers enchant\u00e9 r\u00e9serve des surprises \u00e0 ceux qui s\u2019y aventurent. Vous d\u00e9couvrez en arrivant un paysage vallonn\u00e9 baign\u00e9 de cette lumi\u00e8re si caract\u00e9ristique \u00e0 la Bretagne et qui, d\u00e9couverte par les impressionnistes, inspira depuis de nombreux peintres."}]}},"_links":{"self":[{"href":"https:\/\/www.laballuejardin.com\/en\/wp-json\/wp\/v2\/posts\/3346","targetHints":{"allow":["GET"]}}],"collection":[{"href":"https:\/\/www.laballuejardin.com\/en\/wp-json\/wp\/v2\/posts"}],"about":[{"href":"https:\/\/www.laballuejardin.com\/en\/wp-json\/wp\/v2\/types\/post"}],"author":[{"embeddable":true,"href":"https:\/\/www.laballuejardin.com\/en\/wp-json\/wp\/v2\/users\/3"}],"replies":[{"embeddable":true,"href":"https:\/\/www.laballuejardin.com\/en\/wp-json\/wp\/v2\/comments?post=3346"}],"version-history":[{"count":2,"href":"https:\/\/www.laballuejardin.com\/en\/wp-json\/wp\/v2\/posts\/3346\/revisions"}],"predecessor-version":[{"id":4354,"href":"https:\/\/www.laballuejardin.com\/en\/wp-json\/wp\/v2\/posts\/3346\/revisions\/4354"}],"wp:featuredmedia":[{"embeddable":true,"href":"https:\/\/www.laballuejardin.com\/en\/wp-json\/wp\/v2\/media\/3371"}],"wp:attachment":[{"href":"https:\/\/www.laballuejardin.com\/en\/wp-json\/wp\/v2\/media?parent=3346"}],"wp:term":[{"taxonomy":"category","embeddable":true,"href":"https:\/\/www.laballuejardin.com\/en\/wp-json\/wp\/v2\/categories?post=3346"},{"taxonomy":"post_tag","embeddable":true,"href":"https:\/\/www.laballuejardin.com\/en\/wp-json\/wp\/v2\/tags?post=3346"}],"curies":[{"name":"wp","href":"https:\/\/api.w.org\/{rel}","templated":true}]}}