{"id":3195,"date":"2018-01-16T12:17:22","date_gmt":"2018-01-16T11:17:22","guid":{"rendered":"https:\/\/www.laballuejardin.com\/?p=3195"},"modified":"2021-04-02T13:38:45","modified_gmt":"2021-04-02T12:38:45","slug":"best-wishes-for-2018","status":"publish","type":"post","link":"https:\/\/www.laballuejardin.com\/en\/events\/best-wishes-for-2018","title":{"rendered":"Best wishes for 2018 !"},"content":{"rendered":"<p><span id=\"result_box\" class=\"\" lang=\"en\"><span class=\"\">The team of gardeners of La Ballue joins us to wish everyone a very happy new year 2018!<\/span><\/span><\/p>\n<p><span class=\"\">We will have the pleasure to find you in the gardens from Thursday, March 15 with the arrival of the colors of Spring &#8230;<\/span><\/p>\n<p>See you soon,<\/p>\n<p><em><span class=\"\">Marie-Fran\u00e7oise and Alain Mathon.<\/span><\/em><\/p>\n","protected":false},"excerpt":{"rendered":"<p>The team of gardeners of La Ballue joins us to [&hellip;]<\/p>\n","protected":false},"author":3,"featured_media":3193,"comment_status":"closed","ping_status":"closed","sticky":false,"template":"","format":"standard","meta":{"footnotes":""},"categories":[18,20,2],"tags":[],"class_list":["post-3195","post","type-post","status-publish","format-standard","has-post-thumbnail","hentry","category-blog-en","category-evenements-en","category-events"],"yoast_head":"<!-- This site is optimized with the Yoast SEO plugin v25.2 - https:\/\/yoast.com\/wordpress\/plugins\/seo\/ -->\n<title>Happy new Year 2018 from the team - Jardins de la Ballue<\/title>\n<meta name=\"description\" content=\"The whole Jardins de la Ballue team wishes you the best year possible. We hope to see you again soon at the Gardens and in Brittany !\" \/>\n<meta name=\"robots\" content=\"index, follow, max-snippet:-1, max-image-preview:large, max-video-preview:-1\" \/>\n<link rel=\"canonical\" href=\"https:\/\/www.laballuejardin.com\/en\/events\/best-wishes-for-2018\" \/>\n<meta property=\"og:locale\" content=\"en_US\" \/>\n<meta property=\"og:type\" content=\"article\" \/>\n<meta property=\"og:title\" content=\"Happy new Year 2018 from the team - Jardins de la Ballue\" \/>\n<meta property=\"og:description\" content=\"The whole Jardins de la Ballue team wishes you the best year possible. We hope to see you again soon at the Gardens and in Brittany !\" \/>\n<meta property=\"og:url\" content=\"https:\/\/www.laballuejardin.com\/en\/events\/best-wishes-for-2018\" \/>\n<meta property=\"og:site_name\" content=\"Les Jardins de la Ballue\" \/>\n<meta property=\"article:publisher\" content=\"https:\/\/www.facebook.com\/LaBalluesonchateauetsesjardins\" \/>\n<meta property=\"article:published_time\" content=\"2018-01-16T11:17:22+00:00\" \/>\n<meta property=\"article:modified_time\" content=\"2021-04-02T12:38:45+00:00\" \/>\n<meta property=\"og:image\" content=\"https:\/\/www.laballuejardin.com\/wp-content\/uploads\/2018\/01\/LaBallue-Voeux2018-v5.jpg\" \/>\n\t<meta property=\"og:image:width\" content=\"612\" \/>\n\t<meta property=\"og:image:height\" content=\"392\" \/>\n\t<meta property=\"og:image:type\" content=\"image\/jpeg\" \/>\n<meta name=\"author\" content=\"Les Jardins de La Ballue\" \/>\n<meta name=\"twitter:card\" content=\"summary_large_image\" \/>\n<script type=\"application\/ld+json\" class=\"yoast-schema-graph\">{\"@context\":\"https:\/\/schema.org\",\"@graph\":[{\"@type\":\"Article\",\"@id\":\"https:\/\/www.laballuejardin.com\/en\/events\/best-wishes-for-2018#article\",\"isPartOf\":{\"@id\":\"https:\/\/www.laballuejardin.com\/en\/events\/best-wishes-for-2018\"},\"author\":{\"name\":\"Les Jardins de La Ballue\",\"@id\":\"https:\/\/www.laballuejardin.com\/en\/#\/schema\/person\/f2c026be0f87e46c86fd11055f1a87f5\"},\"headline\":\"Best wishes for 2018 !\",\"datePublished\":\"2018-01-16T11:17:22+00:00\",\"dateModified\":\"2021-04-02T12:38:45+00:00\",\"mainEntityOfPage\":{\"@id\":\"https:\/\/www.laballuejardin.com\/en\/events\/best-wishes-for-2018\"},\"wordCount\":50,\"publisher\":{\"@id\":\"https:\/\/www.laballuejardin.com\/en\/#organization\"},\"image\":{\"@id\":\"https:\/\/www.laballuejardin.com\/en\/events\/best-wishes-for-2018#primaryimage\"},\"thumbnailUrl\":\"https:\/\/www.laballuejardin.com\/wp-content\/uploads\/2018\/01\/LaBallue-Voeux2018-v5.jpg\",\"articleSection\":[\"Blog\",\"Ev\u00e8nements\",\"Events\"],\"inLanguage\":\"en-US\"},{\"@type\":\"WebPage\",\"@id\":\"https:\/\/www.laballuejardin.com\/en\/events\/best-wishes-for-2018\",\"url\":\"https:\/\/www.laballuejardin.com\/en\/events\/best-wishes-for-2018\",\"name\":\"Happy new Year 2018 from the team - Jardins de la Ballue\",\"isPartOf\":{\"@id\":\"https:\/\/www.laballuejardin.com\/en\/#website\"},\"primaryImageOfPage\":{\"@id\":\"https:\/\/www.laballuejardin.com\/en\/events\/best-wishes-for-2018#primaryimage\"},\"image\":{\"@id\":\"https:\/\/www.laballuejardin.com\/en\/events\/best-wishes-for-2018#primaryimage\"},\"thumbnailUrl\":\"https:\/\/www.laballuejardin.com\/wp-content\/uploads\/2018\/01\/LaBallue-Voeux2018-v5.jpg\",\"datePublished\":\"2018-01-16T11:17:22+00:00\",\"dateModified\":\"2021-04-02T12:38:45+00:00\",\"description\":\"The whole Jardins de la Ballue team wishes you the best year possible. We hope to see you again soon at the Gardens and in Brittany !\",\"breadcrumb\":{\"@id\":\"https:\/\/www.laballuejardin.com\/en\/events\/best-wishes-for-2018#breadcrumb\"},\"inLanguage\":\"en-US\",\"potentialAction\":[{\"@type\":\"ReadAction\",\"target\":[\"https:\/\/www.laballuejardin.com\/en\/events\/best-wishes-for-2018\"]}]},{\"@type\":\"ImageObject\",\"inLanguage\":\"en-US\",\"@id\":\"https:\/\/www.laballuejardin.com\/en\/events\/best-wishes-for-2018#primaryimage\",\"url\":\"https:\/\/www.laballuejardin.com\/wp-content\/uploads\/2018\/01\/LaBallue-Voeux2018-v5.jpg\",\"contentUrl\":\"https:\/\/www.laballuejardin.com\/wp-content\/uploads\/2018\/01\/LaBallue-Voeux2018-v5.jpg\",\"width\":612,\"height\":392,\"caption\":\"voeux pour 2018\"},{\"@type\":\"BreadcrumbList\",\"@id\":\"https:\/\/www.laballuejardin.com\/en\/events\/best-wishes-for-2018#breadcrumb\",\"itemListElement\":[{\"@type\":\"ListItem\",\"position\":1,\"name\":\"Accueil\",\"item\":\"https:\/\/www.laballuejardin.com\/en\"},{\"@type\":\"ListItem\",\"position\":2,\"name\":\"Best wishes for 2018 !\"}]},{\"@type\":\"WebSite\",\"@id\":\"https:\/\/www.laballuejardin.com\/en\/#website\",\"url\":\"https:\/\/www.laballuejardin.com\/en\/\",\"name\":\"Les Jardins de la Ballue\",\"description\":\"Joyaux du patrimoine d&#039;Ile et Vilaine\",\"publisher\":{\"@id\":\"https:\/\/www.laballuejardin.com\/en\/#organization\"},\"potentialAction\":[{\"@type\":\"SearchAction\",\"target\":{\"@type\":\"EntryPoint\",\"urlTemplate\":\"https:\/\/www.laballuejardin.com\/en\/?s={search_term_string}\"},\"query-input\":{\"@type\":\"PropertyValueSpecification\",\"valueRequired\":true,\"valueName\":\"search_term_string\"}}],\"inLanguage\":\"en-US\"},{\"@type\":\"Organization\",\"@id\":\"https:\/\/www.laballuejardin.com\/en\/#organization\",\"name\":\"les Jardins du ch\u00e2teau de la Ballue\",\"url\":\"https:\/\/www.laballuejardin.com\/en\/\",\"logo\":{\"@type\":\"ImageObject\",\"inLanguage\":\"en-US\",\"@id\":\"https:\/\/www.laballuejardin.com\/en\/#\/schema\/logo\/image\/\",\"url\":\"https:\/\/www.laballuejardin.com\/wp-content\/uploads\/2014\/12\/la-ballue-logo1.jpg\",\"contentUrl\":\"https:\/\/www.laballuejardin.com\/wp-content\/uploads\/2014\/12\/la-ballue-logo1.jpg\",\"width\":297,\"height\":69,\"caption\":\"les Jardins du ch\u00e2teau de la Ballue\"},\"image\":{\"@id\":\"https:\/\/www.laballuejardin.com\/en\/#\/schema\/logo\/image\/\"},\"sameAs\":[\"https:\/\/www.facebook.com\/LaBalluesonchateauetsesjardins\",\"https:\/\/www.instagram.com\/chateaudelaballue\/\",\"https:\/\/www.linkedin.com\/in\/marie-fran\u00e7oise-mathiot-mathon-17453a87?originalSubdomain=fr\",\"https:\/\/www.pinterest.fr\/laballue\/_created\/\",\"https:\/\/fr.wikipedia.org\/wiki\/Ch\u00e2teau_de_la_Ballue\"]},{\"@type\":\"Person\",\"@id\":\"https:\/\/www.laballuejardin.com\/en\/#\/schema\/person\/f2c026be0f87e46c86fd11055f1a87f5\",\"name\":\"Les Jardins de La Ballue\",\"description\":\"\u00c0 quelques kilom\u00e8tres du Mont-Saint-Michel, un univers enchant\u00e9 r\u00e9serve des surprises \u00e0 ceux qui s\u2019y aventurent. Vous d\u00e9couvrez en arrivant un paysage vallonn\u00e9 baign\u00e9 de cette lumi\u00e8re si caract\u00e9ristique \u00e0 la Bretagne et qui, d\u00e9couverte par les impressionnistes, inspira depuis de nombreux peintres.\"}]}<\/script>\n<!-- \/ Yoast SEO plugin. -->","yoast_head_json":{"title":"Happy new Year 2018 from the team - Jardins de la Ballue","description":"The whole Jardins de la Ballue team wishes you the best year possible. We hope to see you again soon at the Gardens and in Brittany !","robots":{"index":"index","follow":"follow","max-snippet":"max-snippet:-1","max-image-preview":"max-image-preview:large","max-video-preview":"max-video-preview:-1"},"canonical":"https:\/\/www.laballuejardin.com\/en\/events\/best-wishes-for-2018","og_locale":"en_US","og_type":"article","og_title":"Happy new Year 2018 from the team - Jardins de la Ballue","og_description":"The whole Jardins de la Ballue team wishes you the best year possible. We hope to see you again soon at the Gardens and in Brittany !","og_url":"https:\/\/www.laballuejardin.com\/en\/events\/best-wishes-for-2018","og_site_name":"Les Jardins de la Ballue","article_publisher":"https:\/\/www.facebook.com\/LaBalluesonchateauetsesjardins","article_published_time":"2018-01-16T11:17:22+00:00","article_modified_time":"2021-04-02T12:38:45+00:00","og_image":[{"width":612,"height":392,"url":"https:\/\/www.laballuejardin.com\/wp-content\/uploads\/2018\/01\/LaBallue-Voeux2018-v5.jpg","type":"image\/jpeg"}],"author":"Les Jardins de La Ballue","twitter_card":"summary_large_image","schema":{"@context":"https:\/\/schema.org","@graph":[{"@type":"Article","@id":"https:\/\/www.laballuejardin.com\/en\/events\/best-wishes-for-2018#article","isPartOf":{"@id":"https:\/\/www.laballuejardin.com\/en\/events\/best-wishes-for-2018"},"author":{"name":"Les Jardins de La Ballue","@id":"https:\/\/www.laballuejardin.com\/en\/#\/schema\/person\/f2c026be0f87e46c86fd11055f1a87f5"},"headline":"Best wishes for 2018 !","datePublished":"2018-01-16T11:17:22+00:00","dateModified":"2021-04-02T12:38:45+00:00","mainEntityOfPage":{"@id":"https:\/\/www.laballuejardin.com\/en\/events\/best-wishes-for-2018"},"wordCount":50,"publisher":{"@id":"https:\/\/www.laballuejardin.com\/en\/#organization"},"image":{"@id":"https:\/\/www.laballuejardin.com\/en\/events\/best-wishes-for-2018#primaryimage"},"thumbnailUrl":"https:\/\/www.laballuejardin.com\/wp-content\/uploads\/2018\/01\/LaBallue-Voeux2018-v5.jpg","articleSection":["Blog","Ev\u00e8nements","Events"],"inLanguage":"en-US"},{"@type":"WebPage","@id":"https:\/\/www.laballuejardin.com\/en\/events\/best-wishes-for-2018","url":"https:\/\/www.laballuejardin.com\/en\/events\/best-wishes-for-2018","name":"Happy new Year 2018 from the team - Jardins de la Ballue","isPartOf":{"@id":"https:\/\/www.laballuejardin.com\/en\/#website"},"primaryImageOfPage":{"@id":"https:\/\/www.laballuejardin.com\/en\/events\/best-wishes-for-2018#primaryimage"},"image":{"@id":"https:\/\/www.laballuejardin.com\/en\/events\/best-wishes-for-2018#primaryimage"},"thumbnailUrl":"https:\/\/www.laballuejardin.com\/wp-content\/uploads\/2018\/01\/LaBallue-Voeux2018-v5.jpg","datePublished":"2018-01-16T11:17:22+00:00","dateModified":"2021-04-02T12:38:45+00:00","description":"The whole Jardins de la Ballue team wishes you the best year possible. We hope to see you again soon at the Gardens and in Brittany !","breadcrumb":{"@id":"https:\/\/www.laballuejardin.com\/en\/events\/best-wishes-for-2018#breadcrumb"},"inLanguage":"en-US","potentialAction":[{"@type":"ReadAction","target":["https:\/\/www.laballuejardin.com\/en\/events\/best-wishes-for-2018"]}]},{"@type":"ImageObject","inLanguage":"en-US","@id":"https:\/\/www.laballuejardin.com\/en\/events\/best-wishes-for-2018#primaryimage","url":"https:\/\/www.laballuejardin.com\/wp-content\/uploads\/2018\/01\/LaBallue-Voeux2018-v5.jpg","contentUrl":"https:\/\/www.laballuejardin.com\/wp-content\/uploads\/2018\/01\/LaBallue-Voeux2018-v5.jpg","width":612,"height":392,"caption":"voeux pour 2018"},{"@type":"BreadcrumbList","@id":"https:\/\/www.laballuejardin.com\/en\/events\/best-wishes-for-2018#breadcrumb","itemListElement":[{"@type":"ListItem","position":1,"name":"Accueil","item":"https:\/\/www.laballuejardin.com\/en"},{"@type":"ListItem","position":2,"name":"Best wishes for 2018 !"}]},{"@type":"WebSite","@id":"https:\/\/www.laballuejardin.com\/en\/#website","url":"https:\/\/www.laballuejardin.com\/en\/","name":"Les Jardins de la Ballue","description":"Joyaux du patrimoine d&#039;Ile et Vilaine","publisher":{"@id":"https:\/\/www.laballuejardin.com\/en\/#organization"},"potentialAction":[{"@type":"SearchAction","target":{"@type":"EntryPoint","urlTemplate":"https:\/\/www.laballuejardin.com\/en\/?s={search_term_string}"},"query-input":{"@type":"PropertyValueSpecification","valueRequired":true,"valueName":"search_term_string"}}],"inLanguage":"en-US"},{"@type":"Organization","@id":"https:\/\/www.laballuejardin.com\/en\/#organization","name":"les Jardins du ch\u00e2teau de la Ballue","url":"https:\/\/www.laballuejardin.com\/en\/","logo":{"@type":"ImageObject","inLanguage":"en-US","@id":"https:\/\/www.laballuejardin.com\/en\/#\/schema\/logo\/image\/","url":"https:\/\/www.laballuejardin.com\/wp-content\/uploads\/2014\/12\/la-ballue-logo1.jpg","contentUrl":"https:\/\/www.laballuejardin.com\/wp-content\/uploads\/2014\/12\/la-ballue-logo1.jpg","width":297,"height":69,"caption":"les Jardins du ch\u00e2teau de la Ballue"},"image":{"@id":"https:\/\/www.laballuejardin.com\/en\/#\/schema\/logo\/image\/"},"sameAs":["https:\/\/www.facebook.com\/LaBalluesonchateauetsesjardins","https:\/\/www.instagram.com\/chateaudelaballue\/","https:\/\/www.linkedin.com\/in\/marie-fran\u00e7oise-mathiot-mathon-17453a87?originalSubdomain=fr","https:\/\/www.pinterest.fr\/laballue\/_created\/","https:\/\/fr.wikipedia.org\/wiki\/Ch\u00e2teau_de_la_Ballue"]},{"@type":"Person","@id":"https:\/\/www.laballuejardin.com\/en\/#\/schema\/person\/f2c026be0f87e46c86fd11055f1a87f5","name":"Les Jardins de La Ballue","description":"\u00c0 quelques kilom\u00e8tres du Mont-Saint-Michel, un univers enchant\u00e9 r\u00e9serve des surprises \u00e0 ceux qui s\u2019y aventurent. Vous d\u00e9couvrez en arrivant un paysage vallonn\u00e9 baign\u00e9 de cette lumi\u00e8re si caract\u00e9ristique \u00e0 la Bretagne et qui, d\u00e9couverte par les impressionnistes, inspira depuis de nombreux peintres."}]}},"_links":{"self":[{"href":"https:\/\/www.laballuejardin.com\/en\/wp-json\/wp\/v2\/posts\/3195","targetHints":{"allow":["GET"]}}],"collection":[{"href":"https:\/\/www.laballuejardin.com\/en\/wp-json\/wp\/v2\/posts"}],"about":[{"href":"https:\/\/www.laballuejardin.com\/en\/wp-json\/wp\/v2\/types\/post"}],"author":[{"embeddable":true,"href":"https:\/\/www.laballuejardin.com\/en\/wp-json\/wp\/v2\/users\/3"}],"replies":[{"embeddable":true,"href":"https:\/\/www.laballuejardin.com\/en\/wp-json\/wp\/v2\/comments?post=3195"}],"version-history":[{"count":2,"href":"https:\/\/www.laballuejardin.com\/en\/wp-json\/wp\/v2\/posts\/3195\/revisions"}],"predecessor-version":[{"id":3197,"href":"https:\/\/www.laballuejardin.com\/en\/wp-json\/wp\/v2\/posts\/3195\/revisions\/3197"}],"wp:featuredmedia":[{"embeddable":true,"href":"https:\/\/www.laballuejardin.com\/en\/wp-json\/wp\/v2\/media\/3193"}],"wp:attachment":[{"href":"https:\/\/www.laballuejardin.com\/en\/wp-json\/wp\/v2\/media?parent=3195"}],"wp:term":[{"taxonomy":"category","embeddable":true,"href":"https:\/\/www.laballuejardin.com\/en\/wp-json\/wp\/v2\/categories?post=3195"},{"taxonomy":"post_tag","embeddable":true,"href":"https:\/\/www.laballuejardin.com\/en\/wp-json\/wp\/v2\/tags?post=3195"}],"curies":[{"name":"wp","href":"https:\/\/api.w.org\/{rel}","templated":true}]}}