{"id":3092,"date":"2017-09-14T15:13:34","date_gmt":"2017-09-14T14:13:34","guid":{"rendered":"https:\/\/www.laballuejardin.com\/?p=3092"},"modified":"2022-05-20T13:28:39","modified_gmt":"2022-05-20T12:28:39","slug":"european-garden-award-aux-jardins-de-la-ballue","status":"publish","type":"post","link":"https:\/\/www.laballuejardin.com\/en\/events\/european-garden-award-aux-jardins-de-la-ballue","title":{"rendered":"European Garden Award aux jardins de la Ballue"},"content":{"rendered":"<p>We are very pleased to inform you that the international jury for the European Garden Award has agreed on the Garden of la Ballue as one of the three finalists in the category \u00ab Restoration, Enhancement or Development of a Historic Park or garden.<\/p>\n<p>The other finalists are Peterhof (Russia) and the De Nieuwe Ooster in the Netherlands.<br \/>\nPrevious winners include Herrenha\u00fcsser G\u00e4rten in Germany and Hestercombe Gardens in UK.<br \/>\nOn the afternoon of the 15th September 2017, the finalists within each category will be honoured and the winners will be announced. This year, this ceremony will be held in Berlin, on the site of the International Gartenausstellung IGA Berlin 2017<br \/>\nThe gardens of la Ballue were selected by the EGHN and joined the network in 2014.<\/p>\n<p>It is the aim of the <a href=\"https:\/\/wp.eghn.org\/en\/european-garden-heritage-network-eghn\/\" target=\"_blank\" rel=\"noopener\">European Garden Heritage Network EGHN<\/a><\/p>\n<p>to support the preservation, enhancement and creation of high quality parks and gardens in Europe, their wider use and sustainable valorisation in the concept of policies to foster urban, regional, cultural and landscape development.<br \/>\n<img decoding=\"async\" class=\"aligncenter size-large wp-image-3097\" src=\"https:\/\/www.laballuejardin.com\/wp-content\/uploads\/2017\/09\/Bild-16-DSC01151-1200x800-1024x683.jpg\" alt=\"Bild-16-DSC01151-1200x800\" width=\"669\" height=\"446\" srcset=\"https:\/\/www.laballuejardin.com\/wp-content\/uploads\/2017\/09\/Bild-16-DSC01151-1200x800-300x200.jpg 300w, https:\/\/www.laballuejardin.com\/wp-content\/uploads\/2017\/09\/Bild-16-DSC01151-1200x800-768x512.jpg 768w, https:\/\/www.laballuejardin.com\/wp-content\/uploads\/2017\/09\/Bild-16-DSC01151-1200x800-1024x683.jpg 1024w, https:\/\/www.laballuejardin.com\/wp-content\/uploads\/2017\/09\/Bild-16-DSC01151-1200x800.jpg 1200w\" sizes=\"(max-width: 669px) 100vw, 669px\" \/><\/p>\n<p><a href=\"https:\/\/wp.eghn.org\/en\/european-garden-award\/\" target=\"_blank\" rel=\"noopener\">More information &gt;<\/a><br \/>\nSource de l&#8217;article : <a href=\"http:\/\/www.la-ballue.com\" target=\"_blank\" rel=\"noopener\">www.la-ballue.com<\/a><\/p>\n","protected":false},"excerpt":{"rendered":"<p>We are very pleased to inform you that the international [&hellip;]<\/p>\n","protected":false},"author":2,"featured_media":3093,"comment_status":"closed","ping_status":"closed","sticky":false,"template":"","format":"image","meta":{"footnotes":""},"categories":[18,2],"tags":[],"class_list":["post-3092","post","type-post","status-publish","format-image","has-post-thumbnail","hentry","category-blog-en","category-events","post_format-post-format-image"],"yoast_head":"<!-- This site is optimized with the Yoast SEO plugin v25.2 - https:\/\/yoast.com\/wordpress\/plugins\/seo\/ -->\n<title>European Garden Award aux jardins de la Ballue - Historical garden<\/title>\n<meta name=\"description\" content=\"The La Ballue Gardens have won the european garden award in berlin for the 2017-2018 edition. Most certainly a must do in France and Brittany\" \/>\n<meta name=\"robots\" content=\"index, follow, max-snippet:-1, max-image-preview:large, max-video-preview:-1\" \/>\n<link rel=\"canonical\" href=\"https:\/\/www.laballuejardin.com\/en\/events\/european-garden-award-aux-jardins-de-la-ballue\" \/>\n<meta property=\"og:locale\" content=\"en_US\" \/>\n<meta property=\"og:type\" content=\"article\" \/>\n<meta property=\"og:title\" content=\"European Garden Award aux jardins de la Ballue - Historical garden\" \/>\n<meta property=\"og:description\" content=\"The La Ballue Gardens have won the european garden award in berlin for the 2017-2018 edition. Most certainly a must do in France and Brittany\" \/>\n<meta property=\"og:url\" content=\"https:\/\/www.laballuejardin.com\/en\/events\/european-garden-award-aux-jardins-de-la-ballue\" \/>\n<meta property=\"og:site_name\" content=\"Les Jardins de la Ballue\" \/>\n<meta property=\"article:publisher\" content=\"https:\/\/www.facebook.com\/LaBalluesonchateauetsesjardins\" \/>\n<meta property=\"article:published_time\" content=\"2017-09-14T14:13:34+00:00\" \/>\n<meta property=\"article:modified_time\" content=\"2022-05-20T12:28:39+00:00\" \/>\n<meta property=\"og:image\" content=\"https:\/\/www.laballuejardin.com\/wp-content\/uploads\/2017\/09\/european-garden-award.jpg\" \/>\n\t<meta property=\"og:image:width\" content=\"717\" \/>\n\t<meta property=\"og:image:height\" content=\"472\" \/>\n\t<meta property=\"og:image:type\" content=\"image\/jpeg\" \/>\n<meta name=\"author\" content=\"Les Jardins de La Ballue\" \/>\n<meta name=\"twitter:card\" content=\"summary_large_image\" \/>\n<script type=\"application\/ld+json\" class=\"yoast-schema-graph\">{\"@context\":\"https:\/\/schema.org\",\"@graph\":[{\"@type\":\"Article\",\"@id\":\"https:\/\/www.laballuejardin.com\/en\/events\/european-garden-award-aux-jardins-de-la-ballue#article\",\"isPartOf\":{\"@id\":\"https:\/\/www.laballuejardin.com\/en\/events\/european-garden-award-aux-jardins-de-la-ballue\"},\"author\":{\"name\":\"Les Jardins de La Ballue\",\"@id\":\"https:\/\/www.laballuejardin.com\/en\/#\/schema\/person\/259b2ab3c3882c2ebe1a6913f61fc695\"},\"headline\":\"European Garden Award aux jardins de la Ballue\",\"datePublished\":\"2017-09-14T14:13:34+00:00\",\"dateModified\":\"2022-05-20T12:28:39+00:00\",\"mainEntityOfPage\":{\"@id\":\"https:\/\/www.laballuejardin.com\/en\/events\/european-garden-award-aux-jardins-de-la-ballue\"},\"wordCount\":188,\"publisher\":{\"@id\":\"https:\/\/www.laballuejardin.com\/en\/#organization\"},\"image\":{\"@id\":\"https:\/\/www.laballuejardin.com\/en\/events\/european-garden-award-aux-jardins-de-la-ballue#primaryimage\"},\"thumbnailUrl\":\"https:\/\/www.laballuejardin.com\/wp-content\/uploads\/2017\/09\/european-garden-award.jpg\",\"articleSection\":[\"Blog\",\"Events\"],\"inLanguage\":\"en-US\"},{\"@type\":\"WebPage\",\"@id\":\"https:\/\/www.laballuejardin.com\/en\/events\/european-garden-award-aux-jardins-de-la-ballue\",\"url\":\"https:\/\/www.laballuejardin.com\/en\/events\/european-garden-award-aux-jardins-de-la-ballue\",\"name\":\"European Garden Award aux jardins de la Ballue - Historical garden\",\"isPartOf\":{\"@id\":\"https:\/\/www.laballuejardin.com\/en\/#website\"},\"primaryImageOfPage\":{\"@id\":\"https:\/\/www.laballuejardin.com\/en\/events\/european-garden-award-aux-jardins-de-la-ballue#primaryimage\"},\"image\":{\"@id\":\"https:\/\/www.laballuejardin.com\/en\/events\/european-garden-award-aux-jardins-de-la-ballue#primaryimage\"},\"thumbnailUrl\":\"https:\/\/www.laballuejardin.com\/wp-content\/uploads\/2017\/09\/european-garden-award.jpg\",\"datePublished\":\"2017-09-14T14:13:34+00:00\",\"dateModified\":\"2022-05-20T12:28:39+00:00\",\"description\":\"The La Ballue Gardens have won the european garden award in berlin for the 2017-2018 edition. Most certainly a must do in France and Brittany\",\"breadcrumb\":{\"@id\":\"https:\/\/www.laballuejardin.com\/en\/events\/european-garden-award-aux-jardins-de-la-ballue#breadcrumb\"},\"inLanguage\":\"en-US\",\"potentialAction\":[{\"@type\":\"ReadAction\",\"target\":[\"https:\/\/www.laballuejardin.com\/en\/events\/european-garden-award-aux-jardins-de-la-ballue\"]}]},{\"@type\":\"ImageObject\",\"inLanguage\":\"en-US\",\"@id\":\"https:\/\/www.laballuejardin.com\/en\/events\/european-garden-award-aux-jardins-de-la-ballue#primaryimage\",\"url\":\"https:\/\/www.laballuejardin.com\/wp-content\/uploads\/2017\/09\/european-garden-award.jpg\",\"contentUrl\":\"https:\/\/www.laballuejardin.com\/wp-content\/uploads\/2017\/09\/european-garden-award.jpg\",\"width\":717,\"height\":472},{\"@type\":\"BreadcrumbList\",\"@id\":\"https:\/\/www.laballuejardin.com\/en\/events\/european-garden-award-aux-jardins-de-la-ballue#breadcrumb\",\"itemListElement\":[{\"@type\":\"ListItem\",\"position\":1,\"name\":\"Accueil\",\"item\":\"https:\/\/www.laballuejardin.com\/en\"},{\"@type\":\"ListItem\",\"position\":2,\"name\":\"European Garden Award aux jardins de la Ballue\"}]},{\"@type\":\"WebSite\",\"@id\":\"https:\/\/www.laballuejardin.com\/en\/#website\",\"url\":\"https:\/\/www.laballuejardin.com\/en\/\",\"name\":\"Les Jardins de la Ballue\",\"description\":\"Joyaux du patrimoine d&#039;Ile et Vilaine\",\"publisher\":{\"@id\":\"https:\/\/www.laballuejardin.com\/en\/#organization\"},\"potentialAction\":[{\"@type\":\"SearchAction\",\"target\":{\"@type\":\"EntryPoint\",\"urlTemplate\":\"https:\/\/www.laballuejardin.com\/en\/?s={search_term_string}\"},\"query-input\":{\"@type\":\"PropertyValueSpecification\",\"valueRequired\":true,\"valueName\":\"search_term_string\"}}],\"inLanguage\":\"en-US\"},{\"@type\":\"Organization\",\"@id\":\"https:\/\/www.laballuejardin.com\/en\/#organization\",\"name\":\"les Jardins du ch\u00e2teau de la Ballue\",\"url\":\"https:\/\/www.laballuejardin.com\/en\/\",\"logo\":{\"@type\":\"ImageObject\",\"inLanguage\":\"en-US\",\"@id\":\"https:\/\/www.laballuejardin.com\/en\/#\/schema\/logo\/image\/\",\"url\":\"https:\/\/www.laballuejardin.com\/wp-content\/uploads\/2014\/12\/la-ballue-logo1.jpg\",\"contentUrl\":\"https:\/\/www.laballuejardin.com\/wp-content\/uploads\/2014\/12\/la-ballue-logo1.jpg\",\"width\":297,\"height\":69,\"caption\":\"les Jardins du ch\u00e2teau de la Ballue\"},\"image\":{\"@id\":\"https:\/\/www.laballuejardin.com\/en\/#\/schema\/logo\/image\/\"},\"sameAs\":[\"https:\/\/www.facebook.com\/LaBalluesonchateauetsesjardins\",\"https:\/\/www.instagram.com\/chateaudelaballue\/\",\"https:\/\/www.linkedin.com\/in\/marie-fran\u00e7oise-mathiot-mathon-17453a87?originalSubdomain=fr\",\"https:\/\/www.pinterest.fr\/laballue\/_created\/\",\"https:\/\/fr.wikipedia.org\/wiki\/Ch\u00e2teau_de_la_Ballue\"]},{\"@type\":\"Person\",\"@id\":\"https:\/\/www.laballuejardin.com\/en\/#\/schema\/person\/259b2ab3c3882c2ebe1a6913f61fc695\",\"name\":\"Les Jardins de La Ballue\",\"description\":\"\u00c0 quelques kilom\u00e8tres du Mont-Saint-Michel, un univers enchant\u00e9 r\u00e9serve des surprises \u00e0 ceux qui s\u2019y aventurent. Vous d\u00e9couvrez en arrivant un paysage vallonn\u00e9 baign\u00e9 de cette lumi\u00e8re si caract\u00e9ristique \u00e0 la Bretagne et qui, d\u00e9couverte par les impressionnistes, inspira depuis de nombreux peintres.\"}]}<\/script>\n<!-- \/ Yoast SEO plugin. -->","yoast_head_json":{"title":"European Garden Award aux jardins de la Ballue - Historical garden","description":"The La Ballue Gardens have won the european garden award in berlin for the 2017-2018 edition. Most certainly a must do in France and Brittany","robots":{"index":"index","follow":"follow","max-snippet":"max-snippet:-1","max-image-preview":"max-image-preview:large","max-video-preview":"max-video-preview:-1"},"canonical":"https:\/\/www.laballuejardin.com\/en\/events\/european-garden-award-aux-jardins-de-la-ballue","og_locale":"en_US","og_type":"article","og_title":"European Garden Award aux jardins de la Ballue - Historical garden","og_description":"The La Ballue Gardens have won the european garden award in berlin for the 2017-2018 edition. Most certainly a must do in France and Brittany","og_url":"https:\/\/www.laballuejardin.com\/en\/events\/european-garden-award-aux-jardins-de-la-ballue","og_site_name":"Les Jardins de la Ballue","article_publisher":"https:\/\/www.facebook.com\/LaBalluesonchateauetsesjardins","article_published_time":"2017-09-14T14:13:34+00:00","article_modified_time":"2022-05-20T12:28:39+00:00","og_image":[{"width":717,"height":472,"url":"https:\/\/www.laballuejardin.com\/wp-content\/uploads\/2017\/09\/european-garden-award.jpg","type":"image\/jpeg"}],"author":"Les Jardins de La Ballue","twitter_card":"summary_large_image","schema":{"@context":"https:\/\/schema.org","@graph":[{"@type":"Article","@id":"https:\/\/www.laballuejardin.com\/en\/events\/european-garden-award-aux-jardins-de-la-ballue#article","isPartOf":{"@id":"https:\/\/www.laballuejardin.com\/en\/events\/european-garden-award-aux-jardins-de-la-ballue"},"author":{"name":"Les Jardins de La Ballue","@id":"https:\/\/www.laballuejardin.com\/en\/#\/schema\/person\/259b2ab3c3882c2ebe1a6913f61fc695"},"headline":"European Garden Award aux jardins de la Ballue","datePublished":"2017-09-14T14:13:34+00:00","dateModified":"2022-05-20T12:28:39+00:00","mainEntityOfPage":{"@id":"https:\/\/www.laballuejardin.com\/en\/events\/european-garden-award-aux-jardins-de-la-ballue"},"wordCount":188,"publisher":{"@id":"https:\/\/www.laballuejardin.com\/en\/#organization"},"image":{"@id":"https:\/\/www.laballuejardin.com\/en\/events\/european-garden-award-aux-jardins-de-la-ballue#primaryimage"},"thumbnailUrl":"https:\/\/www.laballuejardin.com\/wp-content\/uploads\/2017\/09\/european-garden-award.jpg","articleSection":["Blog","Events"],"inLanguage":"en-US"},{"@type":"WebPage","@id":"https:\/\/www.laballuejardin.com\/en\/events\/european-garden-award-aux-jardins-de-la-ballue","url":"https:\/\/www.laballuejardin.com\/en\/events\/european-garden-award-aux-jardins-de-la-ballue","name":"European Garden Award aux jardins de la Ballue - Historical garden","isPartOf":{"@id":"https:\/\/www.laballuejardin.com\/en\/#website"},"primaryImageOfPage":{"@id":"https:\/\/www.laballuejardin.com\/en\/events\/european-garden-award-aux-jardins-de-la-ballue#primaryimage"},"image":{"@id":"https:\/\/www.laballuejardin.com\/en\/events\/european-garden-award-aux-jardins-de-la-ballue#primaryimage"},"thumbnailUrl":"https:\/\/www.laballuejardin.com\/wp-content\/uploads\/2017\/09\/european-garden-award.jpg","datePublished":"2017-09-14T14:13:34+00:00","dateModified":"2022-05-20T12:28:39+00:00","description":"The La Ballue Gardens have won the european garden award in berlin for the 2017-2018 edition. Most certainly a must do in France and Brittany","breadcrumb":{"@id":"https:\/\/www.laballuejardin.com\/en\/events\/european-garden-award-aux-jardins-de-la-ballue#breadcrumb"},"inLanguage":"en-US","potentialAction":[{"@type":"ReadAction","target":["https:\/\/www.laballuejardin.com\/en\/events\/european-garden-award-aux-jardins-de-la-ballue"]}]},{"@type":"ImageObject","inLanguage":"en-US","@id":"https:\/\/www.laballuejardin.com\/en\/events\/european-garden-award-aux-jardins-de-la-ballue#primaryimage","url":"https:\/\/www.laballuejardin.com\/wp-content\/uploads\/2017\/09\/european-garden-award.jpg","contentUrl":"https:\/\/www.laballuejardin.com\/wp-content\/uploads\/2017\/09\/european-garden-award.jpg","width":717,"height":472},{"@type":"BreadcrumbList","@id":"https:\/\/www.laballuejardin.com\/en\/events\/european-garden-award-aux-jardins-de-la-ballue#breadcrumb","itemListElement":[{"@type":"ListItem","position":1,"name":"Accueil","item":"https:\/\/www.laballuejardin.com\/en"},{"@type":"ListItem","position":2,"name":"European Garden Award aux jardins de la Ballue"}]},{"@type":"WebSite","@id":"https:\/\/www.laballuejardin.com\/en\/#website","url":"https:\/\/www.laballuejardin.com\/en\/","name":"Les Jardins de la Ballue","description":"Joyaux du patrimoine d&#039;Ile et Vilaine","publisher":{"@id":"https:\/\/www.laballuejardin.com\/en\/#organization"},"potentialAction":[{"@type":"SearchAction","target":{"@type":"EntryPoint","urlTemplate":"https:\/\/www.laballuejardin.com\/en\/?s={search_term_string}"},"query-input":{"@type":"PropertyValueSpecification","valueRequired":true,"valueName":"search_term_string"}}],"inLanguage":"en-US"},{"@type":"Organization","@id":"https:\/\/www.laballuejardin.com\/en\/#organization","name":"les Jardins du ch\u00e2teau de la Ballue","url":"https:\/\/www.laballuejardin.com\/en\/","logo":{"@type":"ImageObject","inLanguage":"en-US","@id":"https:\/\/www.laballuejardin.com\/en\/#\/schema\/logo\/image\/","url":"https:\/\/www.laballuejardin.com\/wp-content\/uploads\/2014\/12\/la-ballue-logo1.jpg","contentUrl":"https:\/\/www.laballuejardin.com\/wp-content\/uploads\/2014\/12\/la-ballue-logo1.jpg","width":297,"height":69,"caption":"les Jardins du ch\u00e2teau de la Ballue"},"image":{"@id":"https:\/\/www.laballuejardin.com\/en\/#\/schema\/logo\/image\/"},"sameAs":["https:\/\/www.facebook.com\/LaBalluesonchateauetsesjardins","https:\/\/www.instagram.com\/chateaudelaballue\/","https:\/\/www.linkedin.com\/in\/marie-fran\u00e7oise-mathiot-mathon-17453a87?originalSubdomain=fr","https:\/\/www.pinterest.fr\/laballue\/_created\/","https:\/\/fr.wikipedia.org\/wiki\/Ch\u00e2teau_de_la_Ballue"]},{"@type":"Person","@id":"https:\/\/www.laballuejardin.com\/en\/#\/schema\/person\/259b2ab3c3882c2ebe1a6913f61fc695","name":"Les Jardins de La Ballue","description":"\u00c0 quelques kilom\u00e8tres du Mont-Saint-Michel, un univers enchant\u00e9 r\u00e9serve des surprises \u00e0 ceux qui s\u2019y aventurent. Vous d\u00e9couvrez en arrivant un paysage vallonn\u00e9 baign\u00e9 de cette lumi\u00e8re si caract\u00e9ristique \u00e0 la Bretagne et qui, d\u00e9couverte par les impressionnistes, inspira depuis de nombreux peintres."}]}},"_links":{"self":[{"href":"https:\/\/www.laballuejardin.com\/en\/wp-json\/wp\/v2\/posts\/3092","targetHints":{"allow":["GET"]}}],"collection":[{"href":"https:\/\/www.laballuejardin.com\/en\/wp-json\/wp\/v2\/posts"}],"about":[{"href":"https:\/\/www.laballuejardin.com\/en\/wp-json\/wp\/v2\/types\/post"}],"author":[{"embeddable":true,"href":"https:\/\/www.laballuejardin.com\/en\/wp-json\/wp\/v2\/users\/2"}],"replies":[{"embeddable":true,"href":"https:\/\/www.laballuejardin.com\/en\/wp-json\/wp\/v2\/comments?post=3092"}],"version-history":[{"count":6,"href":"https:\/\/www.laballuejardin.com\/en\/wp-json\/wp\/v2\/posts\/3092\/revisions"}],"predecessor-version":[{"id":4030,"href":"https:\/\/www.laballuejardin.com\/en\/wp-json\/wp\/v2\/posts\/3092\/revisions\/4030"}],"wp:featuredmedia":[{"embeddable":true,"href":"https:\/\/www.laballuejardin.com\/en\/wp-json\/wp\/v2\/media\/3093"}],"wp:attachment":[{"href":"https:\/\/www.laballuejardin.com\/en\/wp-json\/wp\/v2\/media?parent=3092"}],"wp:term":[{"taxonomy":"category","embeddable":true,"href":"https:\/\/www.laballuejardin.com\/en\/wp-json\/wp\/v2\/categories?post=3092"},{"taxonomy":"post_tag","embeddable":true,"href":"https:\/\/www.laballuejardin.com\/en\/wp-json\/wp\/v2\/tags?post=3092"}],"curies":[{"name":"wp","href":"https:\/\/api.w.org\/{rel}","templated":true}]}}