{"id":2981,"date":"2017-05-16T15:55:57","date_gmt":"2017-05-16T14:55:57","guid":{"rendered":"https:\/\/www.laballuejardin.com\/events\/rendez-vous-aux-jardins-de-la-ballue-15e-edition-2"},"modified":"2021-04-01T14:51:20","modified_gmt":"2021-04-01T13:51:20","slug":"rendezvous-in-the-gardens","status":"publish","type":"post","link":"https:\/\/www.laballuejardin.com\/en\/events\/rendezvous-in-the-gardens","title":{"rendered":"Meeting at the Gardens 2017"},"content":{"rendered":"<p><strong>National days of Celebration proposed by the French Ministry of Culture on June 2, 3 and 4<\/strong> with the theme &#8220;<strong>The share at the Garden<\/strong>&#8221; for this &#8220;Meeting at the Gardens&#8221; 2017.<br \/>\nThe Gardens of La Ballue will offer a unique univers with its playful yet labyrinthine guided visit, for children too.<br \/>\nWe will also be presenting on Sunday <strong>the troubadours and musicians of the \u201cLa <a href=\"http:\/\/lamenestraudie.wifeo.com\/\">M\u00e9nestraudie<\/a>\u201d<\/strong> ensemble, an early music group from the Music School of Betton, accompanied by <strong>the dancers of the company \u201cLes Fous g\u00e8rent\u201d<\/strong>.<br \/>\n<strong>On Saturday : Guided tour by the owners at 03:00 PM.<\/strong><br \/>\nFor the entire weekend, the gardens will be open from 9:00 AM to 7:00 PM. Only for Meeting at the Gardens 2017.<br \/>\n<a href=\"https:\/\/www.laballuejardin.com\/en\/hours-and-fees\">Regular admission fees<\/a>. Free for Children under 12.<\/p>\n<p><strong>And also :<br \/>\n<\/strong><\/p>\n<ul>\n<li>Special brochure for children: a booklet, both fun and educational allows them to discover the gardens and their architecture, botany and topiary and the environmental management of the entire estate.<\/li>\n<li>Presentation and signing of the book on the gardens of La Ballue :&#8221;LA BALLUE, VARIATIONS SUR UN JARDIN&#8221;, published by Editions P.H. Verlhac, with photographs by Yann Monel and texts by Marianne Niermans.<\/li>\n<li>Presentation of the detailed MAQUETTE of the Gardens created by Jacques Hennequin : we will also speak about the creators of the gardens of La Ballue, the avant-garde architects Paul Maymont and Fran\u00e7ois-H\u00e9bert Stevens.<\/li>\n<\/ul>\n<p><a href=\"https:\/\/www.laballuejardin.com\/wp-content\/uploads\/2017\/05\/JARDINS-DE-LA-BALLUE-CP-RDV-JARDINS-2017.pdf\" target=\"_blank\" rel=\"noopener\">Brochure (PDF)&gt; <\/a><\/p>\n","protected":false},"excerpt":{"rendered":"<p>National days of Celebration proposed by the French Ministry of [&hellip;]<\/p>\n","protected":false},"author":2,"featured_media":2985,"comment_status":"closed","ping_status":"closed","sticky":false,"template":"","format":"image","meta":{"footnotes":""},"categories":[20,2],"tags":[],"class_list":["post-2981","post","type-post","status-publish","format-image","has-post-thumbnail","hentry","category-evenements-en","category-events","post_format-post-format-image"],"yoast_head":"<!-- This site is optimized with the Yoast SEO plugin v25.2 - https:\/\/yoast.com\/wordpress\/plugins\/seo\/ -->\n<title>Meeting at the Gardens 2017 - Jardins de la Ballue<\/title>\n<meta name=\"description\" content=\"Meeting at the Gardens 2017 is the 5th edition of this National celebratory days proposed by the French Ministry of Culture.\" \/>\n<meta name=\"robots\" content=\"index, follow, max-snippet:-1, max-image-preview:large, max-video-preview:-1\" \/>\n<link rel=\"canonical\" href=\"https:\/\/www.laballuejardin.com\/en\/events\/rendezvous-in-the-gardens\" \/>\n<meta property=\"og:locale\" content=\"en_US\" \/>\n<meta property=\"og:type\" content=\"article\" \/>\n<meta property=\"og:title\" content=\"Meeting at the Gardens 2017 - Jardins de la Ballue\" \/>\n<meta property=\"og:description\" content=\"Meeting at the Gardens 2017 is the 5th edition of this National celebratory days proposed by the French Ministry of Culture.\" \/>\n<meta property=\"og:url\" content=\"https:\/\/www.laballuejardin.com\/en\/events\/rendezvous-in-the-gardens\" \/>\n<meta property=\"og:site_name\" content=\"Les Jardins de la Ballue\" \/>\n<meta property=\"article:publisher\" content=\"https:\/\/www.facebook.com\/LaBalluesonchateauetsesjardins\" \/>\n<meta property=\"article:published_time\" content=\"2017-05-16T14:55:57+00:00\" \/>\n<meta property=\"article:modified_time\" content=\"2021-04-01T13:51:20+00:00\" \/>\n<meta property=\"og:image\" content=\"https:\/\/www.laballuejardin.com\/wp-content\/uploads\/2017\/05\/rdv-jardin-la-ballue-En.jpg\" \/>\n\t<meta property=\"og:image:width\" content=\"717\" \/>\n\t<meta property=\"og:image:height\" content=\"472\" \/>\n\t<meta property=\"og:image:type\" content=\"image\/jpeg\" \/>\n<meta name=\"author\" content=\"Les Jardins de La Ballue\" \/>\n<meta name=\"twitter:card\" content=\"summary_large_image\" \/>\n<script type=\"application\/ld+json\" class=\"yoast-schema-graph\">{\"@context\":\"https:\/\/schema.org\",\"@graph\":[{\"@type\":\"Article\",\"@id\":\"https:\/\/www.laballuejardin.com\/en\/events\/rendezvous-in-the-gardens#article\",\"isPartOf\":{\"@id\":\"https:\/\/www.laballuejardin.com\/en\/events\/rendezvous-in-the-gardens\"},\"author\":{\"name\":\"Les Jardins de La Ballue\",\"@id\":\"https:\/\/www.laballuejardin.com\/en\/#\/schema\/person\/259b2ab3c3882c2ebe1a6913f61fc695\"},\"headline\":\"Meeting at the Gardens 2017\",\"datePublished\":\"2017-05-16T14:55:57+00:00\",\"dateModified\":\"2021-04-01T13:51:20+00:00\",\"mainEntityOfPage\":{\"@id\":\"https:\/\/www.laballuejardin.com\/en\/events\/rendezvous-in-the-gardens\"},\"wordCount\":229,\"publisher\":{\"@id\":\"https:\/\/www.laballuejardin.com\/en\/#organization\"},\"image\":{\"@id\":\"https:\/\/www.laballuejardin.com\/en\/events\/rendezvous-in-the-gardens#primaryimage\"},\"thumbnailUrl\":\"https:\/\/www.laballuejardin.com\/wp-content\/uploads\/2017\/05\/rdv-jardin-la-ballue-En.jpg\",\"articleSection\":[\"Ev\u00e8nements\",\"Events\"],\"inLanguage\":\"en-US\"},{\"@type\":\"WebPage\",\"@id\":\"https:\/\/www.laballuejardin.com\/en\/events\/rendezvous-in-the-gardens\",\"url\":\"https:\/\/www.laballuejardin.com\/en\/events\/rendezvous-in-the-gardens\",\"name\":\"Meeting at the Gardens 2017 - Jardins de la Ballue\",\"isPartOf\":{\"@id\":\"https:\/\/www.laballuejardin.com\/en\/#website\"},\"primaryImageOfPage\":{\"@id\":\"https:\/\/www.laballuejardin.com\/en\/events\/rendezvous-in-the-gardens#primaryimage\"},\"image\":{\"@id\":\"https:\/\/www.laballuejardin.com\/en\/events\/rendezvous-in-the-gardens#primaryimage\"},\"thumbnailUrl\":\"https:\/\/www.laballuejardin.com\/wp-content\/uploads\/2017\/05\/rdv-jardin-la-ballue-En.jpg\",\"datePublished\":\"2017-05-16T14:55:57+00:00\",\"dateModified\":\"2021-04-01T13:51:20+00:00\",\"description\":\"Meeting at the Gardens 2017 is the 5th edition of this National celebratory days proposed by the French Ministry of Culture.\",\"breadcrumb\":{\"@id\":\"https:\/\/www.laballuejardin.com\/en\/events\/rendezvous-in-the-gardens#breadcrumb\"},\"inLanguage\":\"en-US\",\"potentialAction\":[{\"@type\":\"ReadAction\",\"target\":[\"https:\/\/www.laballuejardin.com\/en\/events\/rendezvous-in-the-gardens\"]}]},{\"@type\":\"ImageObject\",\"inLanguage\":\"en-US\",\"@id\":\"https:\/\/www.laballuejardin.com\/en\/events\/rendezvous-in-the-gardens#primaryimage\",\"url\":\"https:\/\/www.laballuejardin.com\/wp-content\/uploads\/2017\/05\/rdv-jardin-la-ballue-En.jpg\",\"contentUrl\":\"https:\/\/www.laballuejardin.com\/wp-content\/uploads\/2017\/05\/rdv-jardin-la-ballue-En.jpg\",\"width\":717,\"height\":472},{\"@type\":\"BreadcrumbList\",\"@id\":\"https:\/\/www.laballuejardin.com\/en\/events\/rendezvous-in-the-gardens#breadcrumb\",\"itemListElement\":[{\"@type\":\"ListItem\",\"position\":1,\"name\":\"Accueil\",\"item\":\"https:\/\/www.laballuejardin.com\/en\"},{\"@type\":\"ListItem\",\"position\":2,\"name\":\"Meeting at the Gardens 2017\"}]},{\"@type\":\"WebSite\",\"@id\":\"https:\/\/www.laballuejardin.com\/en\/#website\",\"url\":\"https:\/\/www.laballuejardin.com\/en\/\",\"name\":\"Les Jardins de la Ballue\",\"description\":\"Joyaux du patrimoine d&#039;Ile et Vilaine\",\"publisher\":{\"@id\":\"https:\/\/www.laballuejardin.com\/en\/#organization\"},\"potentialAction\":[{\"@type\":\"SearchAction\",\"target\":{\"@type\":\"EntryPoint\",\"urlTemplate\":\"https:\/\/www.laballuejardin.com\/en\/?s={search_term_string}\"},\"query-input\":{\"@type\":\"PropertyValueSpecification\",\"valueRequired\":true,\"valueName\":\"search_term_string\"}}],\"inLanguage\":\"en-US\"},{\"@type\":\"Organization\",\"@id\":\"https:\/\/www.laballuejardin.com\/en\/#organization\",\"name\":\"les Jardins du ch\u00e2teau de la Ballue\",\"url\":\"https:\/\/www.laballuejardin.com\/en\/\",\"logo\":{\"@type\":\"ImageObject\",\"inLanguage\":\"en-US\",\"@id\":\"https:\/\/www.laballuejardin.com\/en\/#\/schema\/logo\/image\/\",\"url\":\"https:\/\/www.laballuejardin.com\/wp-content\/uploads\/2014\/12\/la-ballue-logo1.jpg\",\"contentUrl\":\"https:\/\/www.laballuejardin.com\/wp-content\/uploads\/2014\/12\/la-ballue-logo1.jpg\",\"width\":297,\"height\":69,\"caption\":\"les Jardins du ch\u00e2teau de la Ballue\"},\"image\":{\"@id\":\"https:\/\/www.laballuejardin.com\/en\/#\/schema\/logo\/image\/\"},\"sameAs\":[\"https:\/\/www.facebook.com\/LaBalluesonchateauetsesjardins\",\"https:\/\/www.instagram.com\/chateaudelaballue\/\",\"https:\/\/www.linkedin.com\/in\/marie-fran\u00e7oise-mathiot-mathon-17453a87?originalSubdomain=fr\",\"https:\/\/www.pinterest.fr\/laballue\/_created\/\",\"https:\/\/fr.wikipedia.org\/wiki\/Ch\u00e2teau_de_la_Ballue\"]},{\"@type\":\"Person\",\"@id\":\"https:\/\/www.laballuejardin.com\/en\/#\/schema\/person\/259b2ab3c3882c2ebe1a6913f61fc695\",\"name\":\"Les Jardins de La Ballue\",\"description\":\"\u00c0 quelques kilom\u00e8tres du Mont-Saint-Michel, un univers enchant\u00e9 r\u00e9serve des surprises \u00e0 ceux qui s\u2019y aventurent. Vous d\u00e9couvrez en arrivant un paysage vallonn\u00e9 baign\u00e9 de cette lumi\u00e8re si caract\u00e9ristique \u00e0 la Bretagne et qui, d\u00e9couverte par les impressionnistes, inspira depuis de nombreux peintres.\"}]}<\/script>\n<!-- \/ Yoast SEO plugin. -->","yoast_head_json":{"title":"Meeting at the Gardens 2017 - Jardins de la Ballue","description":"Meeting at the Gardens 2017 is the 5th edition of this National celebratory days proposed by the French Ministry of Culture.","robots":{"index":"index","follow":"follow","max-snippet":"max-snippet:-1","max-image-preview":"max-image-preview:large","max-video-preview":"max-video-preview:-1"},"canonical":"https:\/\/www.laballuejardin.com\/en\/events\/rendezvous-in-the-gardens","og_locale":"en_US","og_type":"article","og_title":"Meeting at the Gardens 2017 - Jardins de la Ballue","og_description":"Meeting at the Gardens 2017 is the 5th edition of this National celebratory days proposed by the French Ministry of Culture.","og_url":"https:\/\/www.laballuejardin.com\/en\/events\/rendezvous-in-the-gardens","og_site_name":"Les Jardins de la Ballue","article_publisher":"https:\/\/www.facebook.com\/LaBalluesonchateauetsesjardins","article_published_time":"2017-05-16T14:55:57+00:00","article_modified_time":"2021-04-01T13:51:20+00:00","og_image":[{"width":717,"height":472,"url":"https:\/\/www.laballuejardin.com\/wp-content\/uploads\/2017\/05\/rdv-jardin-la-ballue-En.jpg","type":"image\/jpeg"}],"author":"Les Jardins de La Ballue","twitter_card":"summary_large_image","schema":{"@context":"https:\/\/schema.org","@graph":[{"@type":"Article","@id":"https:\/\/www.laballuejardin.com\/en\/events\/rendezvous-in-the-gardens#article","isPartOf":{"@id":"https:\/\/www.laballuejardin.com\/en\/events\/rendezvous-in-the-gardens"},"author":{"name":"Les Jardins de La Ballue","@id":"https:\/\/www.laballuejardin.com\/en\/#\/schema\/person\/259b2ab3c3882c2ebe1a6913f61fc695"},"headline":"Meeting at the Gardens 2017","datePublished":"2017-05-16T14:55:57+00:00","dateModified":"2021-04-01T13:51:20+00:00","mainEntityOfPage":{"@id":"https:\/\/www.laballuejardin.com\/en\/events\/rendezvous-in-the-gardens"},"wordCount":229,"publisher":{"@id":"https:\/\/www.laballuejardin.com\/en\/#organization"},"image":{"@id":"https:\/\/www.laballuejardin.com\/en\/events\/rendezvous-in-the-gardens#primaryimage"},"thumbnailUrl":"https:\/\/www.laballuejardin.com\/wp-content\/uploads\/2017\/05\/rdv-jardin-la-ballue-En.jpg","articleSection":["Ev\u00e8nements","Events"],"inLanguage":"en-US"},{"@type":"WebPage","@id":"https:\/\/www.laballuejardin.com\/en\/events\/rendezvous-in-the-gardens","url":"https:\/\/www.laballuejardin.com\/en\/events\/rendezvous-in-the-gardens","name":"Meeting at the Gardens 2017 - Jardins de la Ballue","isPartOf":{"@id":"https:\/\/www.laballuejardin.com\/en\/#website"},"primaryImageOfPage":{"@id":"https:\/\/www.laballuejardin.com\/en\/events\/rendezvous-in-the-gardens#primaryimage"},"image":{"@id":"https:\/\/www.laballuejardin.com\/en\/events\/rendezvous-in-the-gardens#primaryimage"},"thumbnailUrl":"https:\/\/www.laballuejardin.com\/wp-content\/uploads\/2017\/05\/rdv-jardin-la-ballue-En.jpg","datePublished":"2017-05-16T14:55:57+00:00","dateModified":"2021-04-01T13:51:20+00:00","description":"Meeting at the Gardens 2017 is the 5th edition of this National celebratory days proposed by the French Ministry of Culture.","breadcrumb":{"@id":"https:\/\/www.laballuejardin.com\/en\/events\/rendezvous-in-the-gardens#breadcrumb"},"inLanguage":"en-US","potentialAction":[{"@type":"ReadAction","target":["https:\/\/www.laballuejardin.com\/en\/events\/rendezvous-in-the-gardens"]}]},{"@type":"ImageObject","inLanguage":"en-US","@id":"https:\/\/www.laballuejardin.com\/en\/events\/rendezvous-in-the-gardens#primaryimage","url":"https:\/\/www.laballuejardin.com\/wp-content\/uploads\/2017\/05\/rdv-jardin-la-ballue-En.jpg","contentUrl":"https:\/\/www.laballuejardin.com\/wp-content\/uploads\/2017\/05\/rdv-jardin-la-ballue-En.jpg","width":717,"height":472},{"@type":"BreadcrumbList","@id":"https:\/\/www.laballuejardin.com\/en\/events\/rendezvous-in-the-gardens#breadcrumb","itemListElement":[{"@type":"ListItem","position":1,"name":"Accueil","item":"https:\/\/www.laballuejardin.com\/en"},{"@type":"ListItem","position":2,"name":"Meeting at the Gardens 2017"}]},{"@type":"WebSite","@id":"https:\/\/www.laballuejardin.com\/en\/#website","url":"https:\/\/www.laballuejardin.com\/en\/","name":"Les Jardins de la Ballue","description":"Joyaux du patrimoine d&#039;Ile et Vilaine","publisher":{"@id":"https:\/\/www.laballuejardin.com\/en\/#organization"},"potentialAction":[{"@type":"SearchAction","target":{"@type":"EntryPoint","urlTemplate":"https:\/\/www.laballuejardin.com\/en\/?s={search_term_string}"},"query-input":{"@type":"PropertyValueSpecification","valueRequired":true,"valueName":"search_term_string"}}],"inLanguage":"en-US"},{"@type":"Organization","@id":"https:\/\/www.laballuejardin.com\/en\/#organization","name":"les Jardins du ch\u00e2teau de la Ballue","url":"https:\/\/www.laballuejardin.com\/en\/","logo":{"@type":"ImageObject","inLanguage":"en-US","@id":"https:\/\/www.laballuejardin.com\/en\/#\/schema\/logo\/image\/","url":"https:\/\/www.laballuejardin.com\/wp-content\/uploads\/2014\/12\/la-ballue-logo1.jpg","contentUrl":"https:\/\/www.laballuejardin.com\/wp-content\/uploads\/2014\/12\/la-ballue-logo1.jpg","width":297,"height":69,"caption":"les Jardins du ch\u00e2teau de la Ballue"},"image":{"@id":"https:\/\/www.laballuejardin.com\/en\/#\/schema\/logo\/image\/"},"sameAs":["https:\/\/www.facebook.com\/LaBalluesonchateauetsesjardins","https:\/\/www.instagram.com\/chateaudelaballue\/","https:\/\/www.linkedin.com\/in\/marie-fran\u00e7oise-mathiot-mathon-17453a87?originalSubdomain=fr","https:\/\/www.pinterest.fr\/laballue\/_created\/","https:\/\/fr.wikipedia.org\/wiki\/Ch\u00e2teau_de_la_Ballue"]},{"@type":"Person","@id":"https:\/\/www.laballuejardin.com\/en\/#\/schema\/person\/259b2ab3c3882c2ebe1a6913f61fc695","name":"Les Jardins de La Ballue","description":"\u00c0 quelques kilom\u00e8tres du Mont-Saint-Michel, un univers enchant\u00e9 r\u00e9serve des surprises \u00e0 ceux qui s\u2019y aventurent. Vous d\u00e9couvrez en arrivant un paysage vallonn\u00e9 baign\u00e9 de cette lumi\u00e8re si caract\u00e9ristique \u00e0 la Bretagne et qui, d\u00e9couverte par les impressionnistes, inspira depuis de nombreux peintres."}]}},"_links":{"self":[{"href":"https:\/\/www.laballuejardin.com\/en\/wp-json\/wp\/v2\/posts\/2981","targetHints":{"allow":["GET"]}}],"collection":[{"href":"https:\/\/www.laballuejardin.com\/en\/wp-json\/wp\/v2\/posts"}],"about":[{"href":"https:\/\/www.laballuejardin.com\/en\/wp-json\/wp\/v2\/types\/post"}],"author":[{"embeddable":true,"href":"https:\/\/www.laballuejardin.com\/en\/wp-json\/wp\/v2\/users\/2"}],"replies":[{"embeddable":true,"href":"https:\/\/www.laballuejardin.com\/en\/wp-json\/wp\/v2\/comments?post=2981"}],"version-history":[{"count":4,"href":"https:\/\/www.laballuejardin.com\/en\/wp-json\/wp\/v2\/posts\/2981\/revisions"}],"predecessor-version":[{"id":4371,"href":"https:\/\/www.laballuejardin.com\/en\/wp-json\/wp\/v2\/posts\/2981\/revisions\/4371"}],"wp:featuredmedia":[{"embeddable":true,"href":"https:\/\/www.laballuejardin.com\/en\/wp-json\/wp\/v2\/media\/2985"}],"wp:attachment":[{"href":"https:\/\/www.laballuejardin.com\/en\/wp-json\/wp\/v2\/media?parent=2981"}],"wp:term":[{"taxonomy":"category","embeddable":true,"href":"https:\/\/www.laballuejardin.com\/en\/wp-json\/wp\/v2\/categories?post=2981"},{"taxonomy":"post_tag","embeddable":true,"href":"https:\/\/www.laballuejardin.com\/en\/wp-json\/wp\/v2\/tags?post=2981"}],"curies":[{"name":"wp","href":"https:\/\/api.w.org\/{rel}","templated":true}]}}