{"id":2966,"date":"2017-05-15T08:21:15","date_gmt":"2017-05-15T07:21:15","guid":{"rendered":"https:\/\/www.laballuejardin.com\/?p=2966"},"modified":"2022-05-20T13:28:41","modified_gmt":"2022-05-20T12:28:41","slug":"topiary-art-and-mannerism-weekend-may-27-28","status":"publish","type":"post","link":"https:\/\/www.laballuejardin.com\/en\/events\/topiary-art-and-mannerism-weekend-may-27-28","title":{"rendered":"Topiary, Art and Mannerism 2017- Weekend &#8211; May 27-28"},"content":{"rendered":"<p><strong>FROM 27 MAY TO 28 MAY, &#8220;Topiary Art and Mannerism&#8221; 2017<br \/>DEMONSTRATIONS OF PRUNING, LECTURES, WORKSHOP, &#8230;<\/strong><\/p>\n<p><strong>The gardening event of La Ballue : &#8220;Topiary Art and Mannerism&#8221; 2017 !<br \/><\/strong><br \/>For its nineth edition, this unique event allows visitors to observe demonstrations of pruning and the creation of topiaries in the Gardens of La Ballue.<br \/>Three of our gardeners will demonstrate their considerable skill, showing some of the techniques they use to prune and sculpt our many bushes, shrubs and trees. A range of these tools, along with an explanation of their use and maintenance will be available for viewing in the \u201ctool\u201d workshop.<br \/><a href=\"https:\/\/www.rustica.fr\/amenagement-jardin\/journees-topiaires-aux-jardins-ballue,13282.html\">Hubert Puzenat<\/a>, the architect of the gardens and a topiary specialist, will create topiary sculptures in person.<br \/>A lecture on topiary art will be given at 3:00 PM on both Saturday and Sunday afternoon (time to be confirmed).<br \/>And the topiaries themselves will be available for purchase!<\/p>\n<p><strong>There will also be a presentation and signing of the book on the Gardens of La Ballue: \u201cVariations on a garden,\u201d published by Editions P.H. Verlhac, with the photographs of Yann Monel and texts by Marianne Niermans.<\/strong><\/p>\n<p>&#8211; Opening hours: 10:00 AM to 6:30 PM without interruption<br \/>&#8211; Prices: 9,50 euros for adults, 7,50 euros for young people 10-18 years old and students, children under 10 free.<\/p>\n<p><a href=\"http:\/\/www.la-ballue.com\/en\/offers\/1170\/topiary-art-and-mannerism-weekend-may-27-28\" target=\"_blank\" rel=\"noopener\">Source : La Ballue<\/a><\/p>\n\n\n<p>Not available on those dates, <a href=\"https:\/\/www.laballuejardin.com\/en\/online-tickets\">book your visit for next week end<\/a> !<\/p>\n","protected":false},"excerpt":{"rendered":"<p>FROM 27 MAY TO 28 MAY, &#8220;Topiary Art and Mannerism&#8221; [&hellip;]<\/p>\n","protected":false},"author":2,"featured_media":2967,"comment_status":"closed","ping_status":"closed","sticky":false,"template":"","format":"image","meta":{"footnotes":""},"categories":[20,2],"tags":[],"class_list":["post-2966","post","type-post","status-publish","format-image","has-post-thumbnail","hentry","category-evenements-en","category-events","post_format-post-format-image"],"yoast_head":"<!-- This site is optimized with the Yoast SEO plugin v25.2 - https:\/\/yoast.com\/wordpress\/plugins\/seo\/ -->\n<title>Topiary Art and Mannerism 2017- Event Jardins de la Ballue<\/title>\n<meta name=\"description\" content=\"Great event at the La Ballue Gardens, the &quot;Topiary Art and Mannerism&quot; 2017. The Gardening Event of the Season at Ch\u00e2teau de la Ballue.\" \/>\n<meta name=\"robots\" content=\"index, follow, max-snippet:-1, max-image-preview:large, max-video-preview:-1\" \/>\n<link rel=\"canonical\" href=\"https:\/\/www.laballuejardin.com\/en\/events\/topiary-art-and-mannerism-weekend-may-27-28\" \/>\n<meta property=\"og:locale\" content=\"en_US\" \/>\n<meta property=\"og:type\" content=\"article\" \/>\n<meta property=\"og:title\" content=\"Topiary Art and Mannerism 2017- Event Jardins de la Ballue\" \/>\n<meta property=\"og:description\" content=\"Great event at the La Ballue Gardens, the &quot;Topiary Art and Mannerism&quot; 2017. The Gardening Event of the Season at Ch\u00e2teau de la Ballue.\" \/>\n<meta property=\"og:url\" content=\"https:\/\/www.laballuejardin.com\/en\/events\/topiary-art-and-mannerism-weekend-may-27-28\" \/>\n<meta property=\"og:site_name\" content=\"Les Jardins de la Ballue\" \/>\n<meta property=\"article:publisher\" content=\"https:\/\/www.facebook.com\/LaBalluesonchateauetsesjardins\" \/>\n<meta property=\"article:published_time\" content=\"2017-05-15T07:21:15+00:00\" \/>\n<meta property=\"article:modified_time\" content=\"2022-05-20T12:28:41+00:00\" \/>\n<meta property=\"og:image\" content=\"https:\/\/www.laballuejardin.com\/wp-content\/uploads\/2017\/05\/Topiaires-l\u2019Art-et-la-Mani\u00e8re-EN.jpg\" \/>\n\t<meta property=\"og:image:width\" content=\"717\" \/>\n\t<meta property=\"og:image:height\" content=\"472\" \/>\n\t<meta property=\"og:image:type\" content=\"image\/jpeg\" \/>\n<meta name=\"author\" content=\"Les Jardins de La Ballue\" \/>\n<meta name=\"twitter:card\" content=\"summary_large_image\" \/>\n<script type=\"application\/ld+json\" class=\"yoast-schema-graph\">{\"@context\":\"https:\/\/schema.org\",\"@graph\":[{\"@type\":\"Article\",\"@id\":\"https:\/\/www.laballuejardin.com\/en\/events\/topiary-art-and-mannerism-weekend-may-27-28#article\",\"isPartOf\":{\"@id\":\"https:\/\/www.laballuejardin.com\/en\/events\/topiary-art-and-mannerism-weekend-may-27-28\"},\"author\":{\"name\":\"Les Jardins de La Ballue\",\"@id\":\"https:\/\/www.laballuejardin.com\/en\/#\/schema\/person\/259b2ab3c3882c2ebe1a6913f61fc695\"},\"headline\":\"Topiary, Art and Mannerism 2017- Weekend &#8211; May 27-28\",\"datePublished\":\"2017-05-15T07:21:15+00:00\",\"dateModified\":\"2022-05-20T12:28:41+00:00\",\"mainEntityOfPage\":{\"@id\":\"https:\/\/www.laballuejardin.com\/en\/events\/topiary-art-and-mannerism-weekend-may-27-28\"},\"wordCount\":229,\"publisher\":{\"@id\":\"https:\/\/www.laballuejardin.com\/en\/#organization\"},\"image\":{\"@id\":\"https:\/\/www.laballuejardin.com\/en\/events\/topiary-art-and-mannerism-weekend-may-27-28#primaryimage\"},\"thumbnailUrl\":\"https:\/\/www.laballuejardin.com\/wp-content\/uploads\/2017\/05\/Topiaires-l\u2019Art-et-la-Mani\u00e8re-EN.jpg\",\"articleSection\":[\"Ev\u00e8nements\",\"Events\"],\"inLanguage\":\"en-US\"},{\"@type\":\"WebPage\",\"@id\":\"https:\/\/www.laballuejardin.com\/en\/events\/topiary-art-and-mannerism-weekend-may-27-28\",\"url\":\"https:\/\/www.laballuejardin.com\/en\/events\/topiary-art-and-mannerism-weekend-may-27-28\",\"name\":\"Topiary Art and Mannerism 2017- Event Jardins de la Ballue\",\"isPartOf\":{\"@id\":\"https:\/\/www.laballuejardin.com\/en\/#website\"},\"primaryImageOfPage\":{\"@id\":\"https:\/\/www.laballuejardin.com\/en\/events\/topiary-art-and-mannerism-weekend-may-27-28#primaryimage\"},\"image\":{\"@id\":\"https:\/\/www.laballuejardin.com\/en\/events\/topiary-art-and-mannerism-weekend-may-27-28#primaryimage\"},\"thumbnailUrl\":\"https:\/\/www.laballuejardin.com\/wp-content\/uploads\/2017\/05\/Topiaires-l\u2019Art-et-la-Mani\u00e8re-EN.jpg\",\"datePublished\":\"2017-05-15T07:21:15+00:00\",\"dateModified\":\"2022-05-20T12:28:41+00:00\",\"description\":\"Great event at the La Ballue Gardens, the \\\"Topiary Art and Mannerism\\\" 2017. The Gardening Event of the Season at Ch\u00e2teau de la Ballue.\",\"breadcrumb\":{\"@id\":\"https:\/\/www.laballuejardin.com\/en\/events\/topiary-art-and-mannerism-weekend-may-27-28#breadcrumb\"},\"inLanguage\":\"en-US\",\"potentialAction\":[{\"@type\":\"ReadAction\",\"target\":[\"https:\/\/www.laballuejardin.com\/en\/events\/topiary-art-and-mannerism-weekend-may-27-28\"]}]},{\"@type\":\"ImageObject\",\"inLanguage\":\"en-US\",\"@id\":\"https:\/\/www.laballuejardin.com\/en\/events\/topiary-art-and-mannerism-weekend-may-27-28#primaryimage\",\"url\":\"https:\/\/www.laballuejardin.com\/wp-content\/uploads\/2017\/05\/Topiaires-l\u2019Art-et-la-Mani\u00e8re-EN.jpg\",\"contentUrl\":\"https:\/\/www.laballuejardin.com\/wp-content\/uploads\/2017\/05\/Topiaires-l\u2019Art-et-la-Mani\u00e8re-EN.jpg\",\"width\":717,\"height\":472},{\"@type\":\"BreadcrumbList\",\"@id\":\"https:\/\/www.laballuejardin.com\/en\/events\/topiary-art-and-mannerism-weekend-may-27-28#breadcrumb\",\"itemListElement\":[{\"@type\":\"ListItem\",\"position\":1,\"name\":\"Accueil\",\"item\":\"https:\/\/www.laballuejardin.com\/en\"},{\"@type\":\"ListItem\",\"position\":2,\"name\":\"Topiary, Art and Mannerism 2017- Weekend &#8211; May 27-28\"}]},{\"@type\":\"WebSite\",\"@id\":\"https:\/\/www.laballuejardin.com\/en\/#website\",\"url\":\"https:\/\/www.laballuejardin.com\/en\/\",\"name\":\"Les Jardins de la Ballue\",\"description\":\"Joyaux du patrimoine d&#039;Ile et Vilaine\",\"publisher\":{\"@id\":\"https:\/\/www.laballuejardin.com\/en\/#organization\"},\"potentialAction\":[{\"@type\":\"SearchAction\",\"target\":{\"@type\":\"EntryPoint\",\"urlTemplate\":\"https:\/\/www.laballuejardin.com\/en\/?s={search_term_string}\"},\"query-input\":{\"@type\":\"PropertyValueSpecification\",\"valueRequired\":true,\"valueName\":\"search_term_string\"}}],\"inLanguage\":\"en-US\"},{\"@type\":\"Organization\",\"@id\":\"https:\/\/www.laballuejardin.com\/en\/#organization\",\"name\":\"les Jardins du ch\u00e2teau de la Ballue\",\"url\":\"https:\/\/www.laballuejardin.com\/en\/\",\"logo\":{\"@type\":\"ImageObject\",\"inLanguage\":\"en-US\",\"@id\":\"https:\/\/www.laballuejardin.com\/en\/#\/schema\/logo\/image\/\",\"url\":\"https:\/\/www.laballuejardin.com\/wp-content\/uploads\/2014\/12\/la-ballue-logo1.jpg\",\"contentUrl\":\"https:\/\/www.laballuejardin.com\/wp-content\/uploads\/2014\/12\/la-ballue-logo1.jpg\",\"width\":297,\"height\":69,\"caption\":\"les Jardins du ch\u00e2teau de la Ballue\"},\"image\":{\"@id\":\"https:\/\/www.laballuejardin.com\/en\/#\/schema\/logo\/image\/\"},\"sameAs\":[\"https:\/\/www.facebook.com\/LaBalluesonchateauetsesjardins\",\"https:\/\/www.instagram.com\/chateaudelaballue\/\",\"https:\/\/www.linkedin.com\/in\/marie-fran\u00e7oise-mathiot-mathon-17453a87?originalSubdomain=fr\",\"https:\/\/www.pinterest.fr\/laballue\/_created\/\",\"https:\/\/fr.wikipedia.org\/wiki\/Ch\u00e2teau_de_la_Ballue\"]},{\"@type\":\"Person\",\"@id\":\"https:\/\/www.laballuejardin.com\/en\/#\/schema\/person\/259b2ab3c3882c2ebe1a6913f61fc695\",\"name\":\"Les Jardins de La Ballue\",\"description\":\"\u00c0 quelques kilom\u00e8tres du Mont-Saint-Michel, un univers enchant\u00e9 r\u00e9serve des surprises \u00e0 ceux qui s\u2019y aventurent. Vous d\u00e9couvrez en arrivant un paysage vallonn\u00e9 baign\u00e9 de cette lumi\u00e8re si caract\u00e9ristique \u00e0 la Bretagne et qui, d\u00e9couverte par les impressionnistes, inspira depuis de nombreux peintres.\"}]}<\/script>\n<!-- \/ Yoast SEO plugin. -->","yoast_head_json":{"title":"Topiary Art and Mannerism 2017- Event Jardins de la Ballue","description":"Great event at the La Ballue Gardens, the \"Topiary Art and Mannerism\" 2017. The Gardening Event of the Season at Ch\u00e2teau de la Ballue.","robots":{"index":"index","follow":"follow","max-snippet":"max-snippet:-1","max-image-preview":"max-image-preview:large","max-video-preview":"max-video-preview:-1"},"canonical":"https:\/\/www.laballuejardin.com\/en\/events\/topiary-art-and-mannerism-weekend-may-27-28","og_locale":"en_US","og_type":"article","og_title":"Topiary Art and Mannerism 2017- Event Jardins de la Ballue","og_description":"Great event at the La Ballue Gardens, the \"Topiary Art and Mannerism\" 2017. The Gardening Event of the Season at Ch\u00e2teau de la Ballue.","og_url":"https:\/\/www.laballuejardin.com\/en\/events\/topiary-art-and-mannerism-weekend-may-27-28","og_site_name":"Les Jardins de la Ballue","article_publisher":"https:\/\/www.facebook.com\/LaBalluesonchateauetsesjardins","article_published_time":"2017-05-15T07:21:15+00:00","article_modified_time":"2022-05-20T12:28:41+00:00","og_image":[{"width":717,"height":472,"url":"https:\/\/www.laballuejardin.com\/wp-content\/uploads\/2017\/05\/Topiaires-l\u2019Art-et-la-Mani\u00e8re-EN.jpg","type":"image\/jpeg"}],"author":"Les Jardins de La Ballue","twitter_card":"summary_large_image","schema":{"@context":"https:\/\/schema.org","@graph":[{"@type":"Article","@id":"https:\/\/www.laballuejardin.com\/en\/events\/topiary-art-and-mannerism-weekend-may-27-28#article","isPartOf":{"@id":"https:\/\/www.laballuejardin.com\/en\/events\/topiary-art-and-mannerism-weekend-may-27-28"},"author":{"name":"Les Jardins de La Ballue","@id":"https:\/\/www.laballuejardin.com\/en\/#\/schema\/person\/259b2ab3c3882c2ebe1a6913f61fc695"},"headline":"Topiary, Art and Mannerism 2017- Weekend &#8211; May 27-28","datePublished":"2017-05-15T07:21:15+00:00","dateModified":"2022-05-20T12:28:41+00:00","mainEntityOfPage":{"@id":"https:\/\/www.laballuejardin.com\/en\/events\/topiary-art-and-mannerism-weekend-may-27-28"},"wordCount":229,"publisher":{"@id":"https:\/\/www.laballuejardin.com\/en\/#organization"},"image":{"@id":"https:\/\/www.laballuejardin.com\/en\/events\/topiary-art-and-mannerism-weekend-may-27-28#primaryimage"},"thumbnailUrl":"https:\/\/www.laballuejardin.com\/wp-content\/uploads\/2017\/05\/Topiaires-l\u2019Art-et-la-Mani\u00e8re-EN.jpg","articleSection":["Ev\u00e8nements","Events"],"inLanguage":"en-US"},{"@type":"WebPage","@id":"https:\/\/www.laballuejardin.com\/en\/events\/topiary-art-and-mannerism-weekend-may-27-28","url":"https:\/\/www.laballuejardin.com\/en\/events\/topiary-art-and-mannerism-weekend-may-27-28","name":"Topiary Art and Mannerism 2017- Event Jardins de la Ballue","isPartOf":{"@id":"https:\/\/www.laballuejardin.com\/en\/#website"},"primaryImageOfPage":{"@id":"https:\/\/www.laballuejardin.com\/en\/events\/topiary-art-and-mannerism-weekend-may-27-28#primaryimage"},"image":{"@id":"https:\/\/www.laballuejardin.com\/en\/events\/topiary-art-and-mannerism-weekend-may-27-28#primaryimage"},"thumbnailUrl":"https:\/\/www.laballuejardin.com\/wp-content\/uploads\/2017\/05\/Topiaires-l\u2019Art-et-la-Mani\u00e8re-EN.jpg","datePublished":"2017-05-15T07:21:15+00:00","dateModified":"2022-05-20T12:28:41+00:00","description":"Great event at the La Ballue Gardens, the \"Topiary Art and Mannerism\" 2017. The Gardening Event of the Season at Ch\u00e2teau de la Ballue.","breadcrumb":{"@id":"https:\/\/www.laballuejardin.com\/en\/events\/topiary-art-and-mannerism-weekend-may-27-28#breadcrumb"},"inLanguage":"en-US","potentialAction":[{"@type":"ReadAction","target":["https:\/\/www.laballuejardin.com\/en\/events\/topiary-art-and-mannerism-weekend-may-27-28"]}]},{"@type":"ImageObject","inLanguage":"en-US","@id":"https:\/\/www.laballuejardin.com\/en\/events\/topiary-art-and-mannerism-weekend-may-27-28#primaryimage","url":"https:\/\/www.laballuejardin.com\/wp-content\/uploads\/2017\/05\/Topiaires-l\u2019Art-et-la-Mani\u00e8re-EN.jpg","contentUrl":"https:\/\/www.laballuejardin.com\/wp-content\/uploads\/2017\/05\/Topiaires-l\u2019Art-et-la-Mani\u00e8re-EN.jpg","width":717,"height":472},{"@type":"BreadcrumbList","@id":"https:\/\/www.laballuejardin.com\/en\/events\/topiary-art-and-mannerism-weekend-may-27-28#breadcrumb","itemListElement":[{"@type":"ListItem","position":1,"name":"Accueil","item":"https:\/\/www.laballuejardin.com\/en"},{"@type":"ListItem","position":2,"name":"Topiary, Art and Mannerism 2017- Weekend &#8211; May 27-28"}]},{"@type":"WebSite","@id":"https:\/\/www.laballuejardin.com\/en\/#website","url":"https:\/\/www.laballuejardin.com\/en\/","name":"Les Jardins de la Ballue","description":"Joyaux du patrimoine d&#039;Ile et Vilaine","publisher":{"@id":"https:\/\/www.laballuejardin.com\/en\/#organization"},"potentialAction":[{"@type":"SearchAction","target":{"@type":"EntryPoint","urlTemplate":"https:\/\/www.laballuejardin.com\/en\/?s={search_term_string}"},"query-input":{"@type":"PropertyValueSpecification","valueRequired":true,"valueName":"search_term_string"}}],"inLanguage":"en-US"},{"@type":"Organization","@id":"https:\/\/www.laballuejardin.com\/en\/#organization","name":"les Jardins du ch\u00e2teau de la Ballue","url":"https:\/\/www.laballuejardin.com\/en\/","logo":{"@type":"ImageObject","inLanguage":"en-US","@id":"https:\/\/www.laballuejardin.com\/en\/#\/schema\/logo\/image\/","url":"https:\/\/www.laballuejardin.com\/wp-content\/uploads\/2014\/12\/la-ballue-logo1.jpg","contentUrl":"https:\/\/www.laballuejardin.com\/wp-content\/uploads\/2014\/12\/la-ballue-logo1.jpg","width":297,"height":69,"caption":"les Jardins du ch\u00e2teau de la Ballue"},"image":{"@id":"https:\/\/www.laballuejardin.com\/en\/#\/schema\/logo\/image\/"},"sameAs":["https:\/\/www.facebook.com\/LaBalluesonchateauetsesjardins","https:\/\/www.instagram.com\/chateaudelaballue\/","https:\/\/www.linkedin.com\/in\/marie-fran\u00e7oise-mathiot-mathon-17453a87?originalSubdomain=fr","https:\/\/www.pinterest.fr\/laballue\/_created\/","https:\/\/fr.wikipedia.org\/wiki\/Ch\u00e2teau_de_la_Ballue"]},{"@type":"Person","@id":"https:\/\/www.laballuejardin.com\/en\/#\/schema\/person\/259b2ab3c3882c2ebe1a6913f61fc695","name":"Les Jardins de La Ballue","description":"\u00c0 quelques kilom\u00e8tres du Mont-Saint-Michel, un univers enchant\u00e9 r\u00e9serve des surprises \u00e0 ceux qui s\u2019y aventurent. Vous d\u00e9couvrez en arrivant un paysage vallonn\u00e9 baign\u00e9 de cette lumi\u00e8re si caract\u00e9ristique \u00e0 la Bretagne et qui, d\u00e9couverte par les impressionnistes, inspira depuis de nombreux peintres."}]}},"_links":{"self":[{"href":"https:\/\/www.laballuejardin.com\/en\/wp-json\/wp\/v2\/posts\/2966","targetHints":{"allow":["GET"]}}],"collection":[{"href":"https:\/\/www.laballuejardin.com\/en\/wp-json\/wp\/v2\/posts"}],"about":[{"href":"https:\/\/www.laballuejardin.com\/en\/wp-json\/wp\/v2\/types\/post"}],"author":[{"embeddable":true,"href":"https:\/\/www.laballuejardin.com\/en\/wp-json\/wp\/v2\/users\/2"}],"replies":[{"embeddable":true,"href":"https:\/\/www.laballuejardin.com\/en\/wp-json\/wp\/v2\/comments?post=2966"}],"version-history":[{"count":2,"href":"https:\/\/www.laballuejardin.com\/en\/wp-json\/wp\/v2\/posts\/2966\/revisions"}],"predecessor-version":[{"id":4374,"href":"https:\/\/www.laballuejardin.com\/en\/wp-json\/wp\/v2\/posts\/2966\/revisions\/4374"}],"wp:featuredmedia":[{"embeddable":true,"href":"https:\/\/www.laballuejardin.com\/en\/wp-json\/wp\/v2\/media\/2967"}],"wp:attachment":[{"href":"https:\/\/www.laballuejardin.com\/en\/wp-json\/wp\/v2\/media?parent=2966"}],"wp:term":[{"taxonomy":"category","embeddable":true,"href":"https:\/\/www.laballuejardin.com\/en\/wp-json\/wp\/v2\/categories?post=2966"},{"taxonomy":"post_tag","embeddable":true,"href":"https:\/\/www.laballuejardin.com\/en\/wp-json\/wp\/v2\/tags?post=2966"}],"curies":[{"name":"wp","href":"https:\/\/api.w.org\/{rel}","templated":true}]}}