{"id":2915,"date":"2017-03-20T16:01:52","date_gmt":"2017-03-20T15:01:52","guid":{"rendered":"https:\/\/www.laballuejardin.com\/events\/reouverture-des-jardins-grand-printemps-a-la-ballue-jardin-2"},"modified":"2022-05-20T13:28:44","modified_gmt":"2022-05-20T12:28:44","slug":"spring-at-la-ballue-la-ballue-jardin","status":"publish","type":"post","link":"https:\/\/www.laballuejardin.com\/en\/events\/spring-at-la-ballue-la-ballue-jardin","title":{"rendered":"Spring 2017 at La Ballue"},"content":{"rendered":"<p>What is booming in Spring 2017 at la Ballue Gardens ?<\/p>\n<p>&#8211; A white garden in April: a blanket of white blossoms in the gardens beginning in March and April. 25000 crocus bulbs, narcissus and tulips, a collection of magnolias and clematis&#8230;illuminating the entire garden.<br \/>&#8211; Then the blue of May: the dazzling colours and the heavenly scents of the sculptured wisteria walk (from April 20).<\/p>\n<p>Spring 2017 is a magical, unique moment to discover the gardens as they awaken and begin to bloom ; with the wafting freshness of the gardens&#8217; wide range of greens, punctuated with masses of flowers.<\/p>\n<p>Gardens are opened from Thursday to Sunday between 10:00 to 18:00.<br \/>From May, 29, opening all the days.<\/p>\n<p>Regular Admission fees.<\/p>\n<p>Contact-us <a href=\"mailto:chateau@la-ballue.comlue.com\" target=\"_blank\" rel=\"noopener\">chateau@la-ballue.com<\/a><\/p>\n\n\n<div class=\"wp-block-buttons is-content-justification-center is-layout-flex wp-block-buttons-is-layout-flex\">\n<div class=\"wp-block-button\"><a class=\"wp-block-button__link has-background\" href=\"https:\/\/www.laballuejardin.com\/en\/online-tickets\" style=\"background-color:#b9b575\">Book your visit for the week end<\/a><\/div>\n<\/div>\n","protected":false},"excerpt":{"rendered":"<p>What is booming in Spring 2017 at la Ballue Gardens [&hellip;]<\/p>\n","protected":false},"author":2,"featured_media":2932,"comment_status":"closed","ping_status":"closed","sticky":false,"template":"","format":"image","meta":{"footnotes":""},"categories":[20,2],"tags":[],"class_list":["post-2915","post","type-post","status-publish","format-image","has-post-thumbnail","hentry","category-evenements-en","category-events","post_format-post-format-image"],"yoast_head":"<!-- This site is optimized with the Yoast SEO plugin v25.2 - https:\/\/yoast.com\/wordpress\/plugins\/seo\/ -->\n<title>Blooming Spring 2017 at La Ballue - Jardins de la Ballue<\/title>\n<meta name=\"description\" content=\"Come enjoy a blooming Spring 2017 at La Ballue Gardens in Brittany for a well deserved escape from winter and the city, just for a weekend.\" \/>\n<meta name=\"robots\" content=\"index, follow, max-snippet:-1, max-image-preview:large, max-video-preview:-1\" \/>\n<link rel=\"canonical\" href=\"https:\/\/www.laballuejardin.com\/en\/events\/spring-at-la-ballue-la-ballue-jardin\" \/>\n<meta property=\"og:locale\" content=\"en_US\" \/>\n<meta property=\"og:type\" content=\"article\" \/>\n<meta property=\"og:title\" content=\"Blooming Spring 2017 at La Ballue - Jardins de la Ballue\" \/>\n<meta property=\"og:description\" content=\"Come enjoy a blooming Spring 2017 at La Ballue Gardens in Brittany for a well deserved escape from winter and the city, just for a weekend.\" \/>\n<meta property=\"og:url\" content=\"https:\/\/www.laballuejardin.com\/en\/events\/spring-at-la-ballue-la-ballue-jardin\" \/>\n<meta property=\"og:site_name\" content=\"Les Jardins de la Ballue\" \/>\n<meta property=\"article:publisher\" content=\"https:\/\/www.facebook.com\/LaBalluesonchateauetsesjardins\" \/>\n<meta property=\"article:published_time\" content=\"2017-03-20T15:01:52+00:00\" \/>\n<meta property=\"article:modified_time\" content=\"2022-05-20T12:28:44+00:00\" \/>\n<meta property=\"og:image\" content=\"https:\/\/www.laballuejardin.com\/wp-content\/uploads\/2017\/03\/actu-2017-reouvertureEN-1.jpg\" \/>\n\t<meta property=\"og:image:width\" content=\"717\" \/>\n\t<meta property=\"og:image:height\" content=\"472\" \/>\n\t<meta property=\"og:image:type\" content=\"image\/jpeg\" \/>\n<meta name=\"author\" content=\"Les Jardins de La Ballue\" \/>\n<meta name=\"twitter:card\" content=\"summary_large_image\" \/>\n<script type=\"application\/ld+json\" class=\"yoast-schema-graph\">{\"@context\":\"https:\/\/schema.org\",\"@graph\":[{\"@type\":\"Article\",\"@id\":\"https:\/\/www.laballuejardin.com\/en\/events\/spring-at-la-ballue-la-ballue-jardin#article\",\"isPartOf\":{\"@id\":\"https:\/\/www.laballuejardin.com\/en\/events\/spring-at-la-ballue-la-ballue-jardin\"},\"author\":{\"name\":\"Les Jardins de La Ballue\",\"@id\":\"https:\/\/www.laballuejardin.com\/en\/#\/schema\/person\/259b2ab3c3882c2ebe1a6913f61fc695\"},\"headline\":\"Spring 2017 at La Ballue\",\"datePublished\":\"2017-03-20T15:01:52+00:00\",\"dateModified\":\"2022-05-20T12:28:44+00:00\",\"mainEntityOfPage\":{\"@id\":\"https:\/\/www.laballuejardin.com\/en\/events\/spring-at-la-ballue-la-ballue-jardin\"},\"wordCount\":129,\"publisher\":{\"@id\":\"https:\/\/www.laballuejardin.com\/en\/#organization\"},\"image\":{\"@id\":\"https:\/\/www.laballuejardin.com\/en\/events\/spring-at-la-ballue-la-ballue-jardin#primaryimage\"},\"thumbnailUrl\":\"https:\/\/www.laballuejardin.com\/wp-content\/uploads\/2017\/03\/actu-2017-reouvertureEN-1.jpg\",\"articleSection\":[\"Ev\u00e8nements\",\"Events\"],\"inLanguage\":\"en-US\"},{\"@type\":\"WebPage\",\"@id\":\"https:\/\/www.laballuejardin.com\/en\/events\/spring-at-la-ballue-la-ballue-jardin\",\"url\":\"https:\/\/www.laballuejardin.com\/en\/events\/spring-at-la-ballue-la-ballue-jardin\",\"name\":\"Blooming Spring 2017 at La Ballue - Jardins de la Ballue\",\"isPartOf\":{\"@id\":\"https:\/\/www.laballuejardin.com\/en\/#website\"},\"primaryImageOfPage\":{\"@id\":\"https:\/\/www.laballuejardin.com\/en\/events\/spring-at-la-ballue-la-ballue-jardin#primaryimage\"},\"image\":{\"@id\":\"https:\/\/www.laballuejardin.com\/en\/events\/spring-at-la-ballue-la-ballue-jardin#primaryimage\"},\"thumbnailUrl\":\"https:\/\/www.laballuejardin.com\/wp-content\/uploads\/2017\/03\/actu-2017-reouvertureEN-1.jpg\",\"datePublished\":\"2017-03-20T15:01:52+00:00\",\"dateModified\":\"2022-05-20T12:28:44+00:00\",\"description\":\"Come enjoy a blooming Spring 2017 at La Ballue Gardens in Brittany for a well deserved escape from winter and the city, just for a weekend.\",\"breadcrumb\":{\"@id\":\"https:\/\/www.laballuejardin.com\/en\/events\/spring-at-la-ballue-la-ballue-jardin#breadcrumb\"},\"inLanguage\":\"en-US\",\"potentialAction\":[{\"@type\":\"ReadAction\",\"target\":[\"https:\/\/www.laballuejardin.com\/en\/events\/spring-at-la-ballue-la-ballue-jardin\"]}]},{\"@type\":\"ImageObject\",\"inLanguage\":\"en-US\",\"@id\":\"https:\/\/www.laballuejardin.com\/en\/events\/spring-at-la-ballue-la-ballue-jardin#primaryimage\",\"url\":\"https:\/\/www.laballuejardin.com\/wp-content\/uploads\/2017\/03\/actu-2017-reouvertureEN-1.jpg\",\"contentUrl\":\"https:\/\/www.laballuejardin.com\/wp-content\/uploads\/2017\/03\/actu-2017-reouvertureEN-1.jpg\",\"width\":717,\"height\":472},{\"@type\":\"BreadcrumbList\",\"@id\":\"https:\/\/www.laballuejardin.com\/en\/events\/spring-at-la-ballue-la-ballue-jardin#breadcrumb\",\"itemListElement\":[{\"@type\":\"ListItem\",\"position\":1,\"name\":\"Accueil\",\"item\":\"https:\/\/www.laballuejardin.com\/en\"},{\"@type\":\"ListItem\",\"position\":2,\"name\":\"Spring 2017 at La Ballue\"}]},{\"@type\":\"WebSite\",\"@id\":\"https:\/\/www.laballuejardin.com\/en\/#website\",\"url\":\"https:\/\/www.laballuejardin.com\/en\/\",\"name\":\"Les Jardins de la Ballue\",\"description\":\"Joyaux du patrimoine d&#039;Ile et Vilaine\",\"publisher\":{\"@id\":\"https:\/\/www.laballuejardin.com\/en\/#organization\"},\"potentialAction\":[{\"@type\":\"SearchAction\",\"target\":{\"@type\":\"EntryPoint\",\"urlTemplate\":\"https:\/\/www.laballuejardin.com\/en\/?s={search_term_string}\"},\"query-input\":{\"@type\":\"PropertyValueSpecification\",\"valueRequired\":true,\"valueName\":\"search_term_string\"}}],\"inLanguage\":\"en-US\"},{\"@type\":\"Organization\",\"@id\":\"https:\/\/www.laballuejardin.com\/en\/#organization\",\"name\":\"les Jardins du ch\u00e2teau de la Ballue\",\"url\":\"https:\/\/www.laballuejardin.com\/en\/\",\"logo\":{\"@type\":\"ImageObject\",\"inLanguage\":\"en-US\",\"@id\":\"https:\/\/www.laballuejardin.com\/en\/#\/schema\/logo\/image\/\",\"url\":\"https:\/\/www.laballuejardin.com\/wp-content\/uploads\/2014\/12\/la-ballue-logo1.jpg\",\"contentUrl\":\"https:\/\/www.laballuejardin.com\/wp-content\/uploads\/2014\/12\/la-ballue-logo1.jpg\",\"width\":297,\"height\":69,\"caption\":\"les Jardins du ch\u00e2teau de la Ballue\"},\"image\":{\"@id\":\"https:\/\/www.laballuejardin.com\/en\/#\/schema\/logo\/image\/\"},\"sameAs\":[\"https:\/\/www.facebook.com\/LaBalluesonchateauetsesjardins\",\"https:\/\/www.instagram.com\/chateaudelaballue\/\",\"https:\/\/www.linkedin.com\/in\/marie-fran\u00e7oise-mathiot-mathon-17453a87?originalSubdomain=fr\",\"https:\/\/www.pinterest.fr\/laballue\/_created\/\",\"https:\/\/fr.wikipedia.org\/wiki\/Ch\u00e2teau_de_la_Ballue\"]},{\"@type\":\"Person\",\"@id\":\"https:\/\/www.laballuejardin.com\/en\/#\/schema\/person\/259b2ab3c3882c2ebe1a6913f61fc695\",\"name\":\"Les Jardins de La Ballue\",\"description\":\"\u00c0 quelques kilom\u00e8tres du Mont-Saint-Michel, un univers enchant\u00e9 r\u00e9serve des surprises \u00e0 ceux qui s\u2019y aventurent. Vous d\u00e9couvrez en arrivant un paysage vallonn\u00e9 baign\u00e9 de cette lumi\u00e8re si caract\u00e9ristique \u00e0 la Bretagne et qui, d\u00e9couverte par les impressionnistes, inspira depuis de nombreux peintres.\"}]}<\/script>\n<!-- \/ Yoast SEO plugin. -->","yoast_head_json":{"title":"Blooming Spring 2017 at La Ballue - Jardins de la Ballue","description":"Come enjoy a blooming Spring 2017 at La Ballue Gardens in Brittany for a well deserved escape from winter and the city, just for a weekend.","robots":{"index":"index","follow":"follow","max-snippet":"max-snippet:-1","max-image-preview":"max-image-preview:large","max-video-preview":"max-video-preview:-1"},"canonical":"https:\/\/www.laballuejardin.com\/en\/events\/spring-at-la-ballue-la-ballue-jardin","og_locale":"en_US","og_type":"article","og_title":"Blooming Spring 2017 at La Ballue - Jardins de la Ballue","og_description":"Come enjoy a blooming Spring 2017 at La Ballue Gardens in Brittany for a well deserved escape from winter and the city, just for a weekend.","og_url":"https:\/\/www.laballuejardin.com\/en\/events\/spring-at-la-ballue-la-ballue-jardin","og_site_name":"Les Jardins de la Ballue","article_publisher":"https:\/\/www.facebook.com\/LaBalluesonchateauetsesjardins","article_published_time":"2017-03-20T15:01:52+00:00","article_modified_time":"2022-05-20T12:28:44+00:00","og_image":[{"width":717,"height":472,"url":"https:\/\/www.laballuejardin.com\/wp-content\/uploads\/2017\/03\/actu-2017-reouvertureEN-1.jpg","type":"image\/jpeg"}],"author":"Les Jardins de La Ballue","twitter_card":"summary_large_image","schema":{"@context":"https:\/\/schema.org","@graph":[{"@type":"Article","@id":"https:\/\/www.laballuejardin.com\/en\/events\/spring-at-la-ballue-la-ballue-jardin#article","isPartOf":{"@id":"https:\/\/www.laballuejardin.com\/en\/events\/spring-at-la-ballue-la-ballue-jardin"},"author":{"name":"Les Jardins de La Ballue","@id":"https:\/\/www.laballuejardin.com\/en\/#\/schema\/person\/259b2ab3c3882c2ebe1a6913f61fc695"},"headline":"Spring 2017 at La Ballue","datePublished":"2017-03-20T15:01:52+00:00","dateModified":"2022-05-20T12:28:44+00:00","mainEntityOfPage":{"@id":"https:\/\/www.laballuejardin.com\/en\/events\/spring-at-la-ballue-la-ballue-jardin"},"wordCount":129,"publisher":{"@id":"https:\/\/www.laballuejardin.com\/en\/#organization"},"image":{"@id":"https:\/\/www.laballuejardin.com\/en\/events\/spring-at-la-ballue-la-ballue-jardin#primaryimage"},"thumbnailUrl":"https:\/\/www.laballuejardin.com\/wp-content\/uploads\/2017\/03\/actu-2017-reouvertureEN-1.jpg","articleSection":["Ev\u00e8nements","Events"],"inLanguage":"en-US"},{"@type":"WebPage","@id":"https:\/\/www.laballuejardin.com\/en\/events\/spring-at-la-ballue-la-ballue-jardin","url":"https:\/\/www.laballuejardin.com\/en\/events\/spring-at-la-ballue-la-ballue-jardin","name":"Blooming Spring 2017 at La Ballue - Jardins de la Ballue","isPartOf":{"@id":"https:\/\/www.laballuejardin.com\/en\/#website"},"primaryImageOfPage":{"@id":"https:\/\/www.laballuejardin.com\/en\/events\/spring-at-la-ballue-la-ballue-jardin#primaryimage"},"image":{"@id":"https:\/\/www.laballuejardin.com\/en\/events\/spring-at-la-ballue-la-ballue-jardin#primaryimage"},"thumbnailUrl":"https:\/\/www.laballuejardin.com\/wp-content\/uploads\/2017\/03\/actu-2017-reouvertureEN-1.jpg","datePublished":"2017-03-20T15:01:52+00:00","dateModified":"2022-05-20T12:28:44+00:00","description":"Come enjoy a blooming Spring 2017 at La Ballue Gardens in Brittany for a well deserved escape from winter and the city, just for a weekend.","breadcrumb":{"@id":"https:\/\/www.laballuejardin.com\/en\/events\/spring-at-la-ballue-la-ballue-jardin#breadcrumb"},"inLanguage":"en-US","potentialAction":[{"@type":"ReadAction","target":["https:\/\/www.laballuejardin.com\/en\/events\/spring-at-la-ballue-la-ballue-jardin"]}]},{"@type":"ImageObject","inLanguage":"en-US","@id":"https:\/\/www.laballuejardin.com\/en\/events\/spring-at-la-ballue-la-ballue-jardin#primaryimage","url":"https:\/\/www.laballuejardin.com\/wp-content\/uploads\/2017\/03\/actu-2017-reouvertureEN-1.jpg","contentUrl":"https:\/\/www.laballuejardin.com\/wp-content\/uploads\/2017\/03\/actu-2017-reouvertureEN-1.jpg","width":717,"height":472},{"@type":"BreadcrumbList","@id":"https:\/\/www.laballuejardin.com\/en\/events\/spring-at-la-ballue-la-ballue-jardin#breadcrumb","itemListElement":[{"@type":"ListItem","position":1,"name":"Accueil","item":"https:\/\/www.laballuejardin.com\/en"},{"@type":"ListItem","position":2,"name":"Spring 2017 at La Ballue"}]},{"@type":"WebSite","@id":"https:\/\/www.laballuejardin.com\/en\/#website","url":"https:\/\/www.laballuejardin.com\/en\/","name":"Les Jardins de la Ballue","description":"Joyaux du patrimoine d&#039;Ile et Vilaine","publisher":{"@id":"https:\/\/www.laballuejardin.com\/en\/#organization"},"potentialAction":[{"@type":"SearchAction","target":{"@type":"EntryPoint","urlTemplate":"https:\/\/www.laballuejardin.com\/en\/?s={search_term_string}"},"query-input":{"@type":"PropertyValueSpecification","valueRequired":true,"valueName":"search_term_string"}}],"inLanguage":"en-US"},{"@type":"Organization","@id":"https:\/\/www.laballuejardin.com\/en\/#organization","name":"les Jardins du ch\u00e2teau de la Ballue","url":"https:\/\/www.laballuejardin.com\/en\/","logo":{"@type":"ImageObject","inLanguage":"en-US","@id":"https:\/\/www.laballuejardin.com\/en\/#\/schema\/logo\/image\/","url":"https:\/\/www.laballuejardin.com\/wp-content\/uploads\/2014\/12\/la-ballue-logo1.jpg","contentUrl":"https:\/\/www.laballuejardin.com\/wp-content\/uploads\/2014\/12\/la-ballue-logo1.jpg","width":297,"height":69,"caption":"les Jardins du ch\u00e2teau de la Ballue"},"image":{"@id":"https:\/\/www.laballuejardin.com\/en\/#\/schema\/logo\/image\/"},"sameAs":["https:\/\/www.facebook.com\/LaBalluesonchateauetsesjardins","https:\/\/www.instagram.com\/chateaudelaballue\/","https:\/\/www.linkedin.com\/in\/marie-fran\u00e7oise-mathiot-mathon-17453a87?originalSubdomain=fr","https:\/\/www.pinterest.fr\/laballue\/_created\/","https:\/\/fr.wikipedia.org\/wiki\/Ch\u00e2teau_de_la_Ballue"]},{"@type":"Person","@id":"https:\/\/www.laballuejardin.com\/en\/#\/schema\/person\/259b2ab3c3882c2ebe1a6913f61fc695","name":"Les Jardins de La Ballue","description":"\u00c0 quelques kilom\u00e8tres du Mont-Saint-Michel, un univers enchant\u00e9 r\u00e9serve des surprises \u00e0 ceux qui s\u2019y aventurent. Vous d\u00e9couvrez en arrivant un paysage vallonn\u00e9 baign\u00e9 de cette lumi\u00e8re si caract\u00e9ristique \u00e0 la Bretagne et qui, d\u00e9couverte par les impressionnistes, inspira depuis de nombreux peintres."}]}},"_links":{"self":[{"href":"https:\/\/www.laballuejardin.com\/en\/wp-json\/wp\/v2\/posts\/2915","targetHints":{"allow":["GET"]}}],"collection":[{"href":"https:\/\/www.laballuejardin.com\/en\/wp-json\/wp\/v2\/posts"}],"about":[{"href":"https:\/\/www.laballuejardin.com\/en\/wp-json\/wp\/v2\/types\/post"}],"author":[{"embeddable":true,"href":"https:\/\/www.laballuejardin.com\/en\/wp-json\/wp\/v2\/users\/2"}],"replies":[{"embeddable":true,"href":"https:\/\/www.laballuejardin.com\/en\/wp-json\/wp\/v2\/comments?post=2915"}],"version-history":[{"count":4,"href":"https:\/\/www.laballuejardin.com\/en\/wp-json\/wp\/v2\/posts\/2915\/revisions"}],"predecessor-version":[{"id":4376,"href":"https:\/\/www.laballuejardin.com\/en\/wp-json\/wp\/v2\/posts\/2915\/revisions\/4376"}],"wp:featuredmedia":[{"embeddable":true,"href":"https:\/\/www.laballuejardin.com\/en\/wp-json\/wp\/v2\/media\/2932"}],"wp:attachment":[{"href":"https:\/\/www.laballuejardin.com\/en\/wp-json\/wp\/v2\/media?parent=2915"}],"wp:term":[{"taxonomy":"category","embeddable":true,"href":"https:\/\/www.laballuejardin.com\/en\/wp-json\/wp\/v2\/categories?post=2915"},{"taxonomy":"post_tag","embeddable":true,"href":"https:\/\/www.laballuejardin.com\/en\/wp-json\/wp\/v2\/tags?post=2915"}],"curies":[{"name":"wp","href":"https:\/\/api.w.org\/{rel}","templated":true}]}}