{"id":2684,"date":"2016-11-23T12:16:49","date_gmt":"2016-11-23T11:16:49","guid":{"rendered":"https:\/\/www.laballuejardin.com\/?p=2684"},"modified":"2021-04-01T15:03:36","modified_gmt":"2021-04-01T14:03:36","slug":"winter-closing-reopening-in-march","status":"publish","type":"post","link":"https:\/\/www.laballuejardin.com\/en\/events\/winter-closing-reopening-in-march","title":{"rendered":"Winter closing &#8211; reopening 2017 in March"},"content":{"rendered":"<p>Winter is coming&#8230; it&#8217;s time for the Gardens of La Ballue to close the doors and to benefit from this winter time to transform and create new spaces in the gardens before reopening 2017.<\/p>\n<p>Different new creations are planned during this period: finish the Japanese garden and create a new grove with hortensias.<\/p>\n<p><strong>Reopening on 15 March 2017 <\/strong>to discover the gardens and <strong>the flowered magnolias<\/strong>.<\/p>\n<p><em>You can buy your tickets directly on our website<\/em><strong><em> : click on \u201c<a href=\"https:\/\/www.laballuejardin.com\/en\/online-tickets\/\" target=\"_blank\" rel=\"noopener\">Online tickets<\/a>\u201c.<\/em><\/strong><\/p>\n<p><em>\u00a0<\/em><\/p>\n<p><em>The Gardens are however opened on request during winter, specially for groups.\u00a0<\/em><\/p>\n","protected":false},"excerpt":{"rendered":"<p>Winter is coming&#8230; it&#8217;s time for the Gardens of La [&hellip;]<\/p>\n","protected":false},"author":3,"featured_media":2826,"comment_status":"closed","ping_status":"closed","sticky":false,"template":"","format":"image","meta":{"footnotes":""},"categories":[20,2],"tags":[],"class_list":["post-2684","post","type-post","status-publish","format-image","has-post-thumbnail","hentry","category-evenements-en","category-events","post_format-post-format-image"],"yoast_head":"<!-- This site is optimized with the Yoast SEO plugin v25.2 - https:\/\/yoast.com\/wordpress\/plugins\/seo\/ -->\n<title>Winter closing - reopening 2017 in March - Jardins de la Ballue<\/title>\n<meta name=\"description\" content=\"Even plants need to rest and take shelter during Winter. And Winter is coming... We&#039;ll welcome you back next march. Reopening 2017.\" \/>\n<meta name=\"robots\" content=\"index, follow, max-snippet:-1, max-image-preview:large, max-video-preview:-1\" \/>\n<link rel=\"canonical\" href=\"https:\/\/www.laballuejardin.com\/en\/events\/winter-closing-reopening-in-march\" \/>\n<meta property=\"og:locale\" content=\"en_US\" \/>\n<meta property=\"og:type\" content=\"article\" \/>\n<meta property=\"og:title\" content=\"Winter closing - reopening 2017 in March - Jardins de la Ballue\" \/>\n<meta property=\"og:description\" content=\"Even plants need to rest and take shelter during Winter. And Winter is coming... We&#039;ll welcome you back next march. Reopening 2017.\" \/>\n<meta property=\"og:url\" content=\"https:\/\/www.laballuejardin.com\/en\/events\/winter-closing-reopening-in-march\" \/>\n<meta property=\"og:site_name\" content=\"Les Jardins de la Ballue\" \/>\n<meta property=\"article:publisher\" content=\"https:\/\/www.facebook.com\/LaBalluesonchateauetsesjardins\" \/>\n<meta property=\"article:published_time\" content=\"2016-11-23T11:16:49+00:00\" \/>\n<meta property=\"article:modified_time\" content=\"2021-04-01T14:03:36+00:00\" \/>\n<meta property=\"og:image\" content=\"https:\/\/www.laballuejardin.com\/wp-content\/uploads\/2016\/11\/fermeture-hivernale-01-1-1.jpg\" \/>\n\t<meta property=\"og:image:width\" content=\"528\" \/>\n\t<meta property=\"og:image:height\" content=\"348\" \/>\n\t<meta property=\"og:image:type\" content=\"image\/jpeg\" \/>\n<meta name=\"author\" content=\"Les Jardins de La Ballue\" \/>\n<meta name=\"twitter:card\" content=\"summary_large_image\" \/>\n<script type=\"application\/ld+json\" class=\"yoast-schema-graph\">{\"@context\":\"https:\/\/schema.org\",\"@graph\":[{\"@type\":\"Article\",\"@id\":\"https:\/\/www.laballuejardin.com\/en\/events\/winter-closing-reopening-in-march#article\",\"isPartOf\":{\"@id\":\"https:\/\/www.laballuejardin.com\/en\/events\/winter-closing-reopening-in-march\"},\"author\":{\"name\":\"Les Jardins de La Ballue\",\"@id\":\"https:\/\/www.laballuejardin.com\/en\/#\/schema\/person\/f2c026be0f87e46c86fd11055f1a87f5\"},\"headline\":\"Winter closing &#8211; reopening 2017 in March\",\"datePublished\":\"2016-11-23T11:16:49+00:00\",\"dateModified\":\"2021-04-01T14:03:36+00:00\",\"mainEntityOfPage\":{\"@id\":\"https:\/\/www.laballuejardin.com\/en\/events\/winter-closing-reopening-in-march\"},\"wordCount\":95,\"publisher\":{\"@id\":\"https:\/\/www.laballuejardin.com\/en\/#organization\"},\"image\":{\"@id\":\"https:\/\/www.laballuejardin.com\/en\/events\/winter-closing-reopening-in-march#primaryimage\"},\"thumbnailUrl\":\"https:\/\/www.laballuejardin.com\/wp-content\/uploads\/2016\/11\/fermeture-hivernale-01-1-1.jpg\",\"articleSection\":[\"Ev\u00e8nements\",\"Events\"],\"inLanguage\":\"en-US\"},{\"@type\":\"WebPage\",\"@id\":\"https:\/\/www.laballuejardin.com\/en\/events\/winter-closing-reopening-in-march\",\"url\":\"https:\/\/www.laballuejardin.com\/en\/events\/winter-closing-reopening-in-march\",\"name\":\"Winter closing - reopening 2017 in March - Jardins de la Ballue\",\"isPartOf\":{\"@id\":\"https:\/\/www.laballuejardin.com\/en\/#website\"},\"primaryImageOfPage\":{\"@id\":\"https:\/\/www.laballuejardin.com\/en\/events\/winter-closing-reopening-in-march#primaryimage\"},\"image\":{\"@id\":\"https:\/\/www.laballuejardin.com\/en\/events\/winter-closing-reopening-in-march#primaryimage\"},\"thumbnailUrl\":\"https:\/\/www.laballuejardin.com\/wp-content\/uploads\/2016\/11\/fermeture-hivernale-01-1-1.jpg\",\"datePublished\":\"2016-11-23T11:16:49+00:00\",\"dateModified\":\"2021-04-01T14:03:36+00:00\",\"description\":\"Even plants need to rest and take shelter during Winter. And Winter is coming... We'll welcome you back next march. Reopening 2017.\",\"breadcrumb\":{\"@id\":\"https:\/\/www.laballuejardin.com\/en\/events\/winter-closing-reopening-in-march#breadcrumb\"},\"inLanguage\":\"en-US\",\"potentialAction\":[{\"@type\":\"ReadAction\",\"target\":[\"https:\/\/www.laballuejardin.com\/en\/events\/winter-closing-reopening-in-march\"]}]},{\"@type\":\"ImageObject\",\"inLanguage\":\"en-US\",\"@id\":\"https:\/\/www.laballuejardin.com\/en\/events\/winter-closing-reopening-in-march#primaryimage\",\"url\":\"https:\/\/www.laballuejardin.com\/wp-content\/uploads\/2016\/11\/fermeture-hivernale-01-1-1.jpg\",\"contentUrl\":\"https:\/\/www.laballuejardin.com\/wp-content\/uploads\/2016\/11\/fermeture-hivernale-01-1-1.jpg\",\"width\":528,\"height\":348},{\"@type\":\"BreadcrumbList\",\"@id\":\"https:\/\/www.laballuejardin.com\/en\/events\/winter-closing-reopening-in-march#breadcrumb\",\"itemListElement\":[{\"@type\":\"ListItem\",\"position\":1,\"name\":\"Accueil\",\"item\":\"https:\/\/www.laballuejardin.com\/en\"},{\"@type\":\"ListItem\",\"position\":2,\"name\":\"Winter closing &#8211; reopening 2017 in March\"}]},{\"@type\":\"WebSite\",\"@id\":\"https:\/\/www.laballuejardin.com\/en\/#website\",\"url\":\"https:\/\/www.laballuejardin.com\/en\/\",\"name\":\"Les Jardins de la Ballue\",\"description\":\"Joyaux du patrimoine d&#039;Ile et Vilaine\",\"publisher\":{\"@id\":\"https:\/\/www.laballuejardin.com\/en\/#organization\"},\"potentialAction\":[{\"@type\":\"SearchAction\",\"target\":{\"@type\":\"EntryPoint\",\"urlTemplate\":\"https:\/\/www.laballuejardin.com\/en\/?s={search_term_string}\"},\"query-input\":{\"@type\":\"PropertyValueSpecification\",\"valueRequired\":true,\"valueName\":\"search_term_string\"}}],\"inLanguage\":\"en-US\"},{\"@type\":\"Organization\",\"@id\":\"https:\/\/www.laballuejardin.com\/en\/#organization\",\"name\":\"les Jardins du ch\u00e2teau de la Ballue\",\"url\":\"https:\/\/www.laballuejardin.com\/en\/\",\"logo\":{\"@type\":\"ImageObject\",\"inLanguage\":\"en-US\",\"@id\":\"https:\/\/www.laballuejardin.com\/en\/#\/schema\/logo\/image\/\",\"url\":\"https:\/\/www.laballuejardin.com\/wp-content\/uploads\/2014\/12\/la-ballue-logo1.jpg\",\"contentUrl\":\"https:\/\/www.laballuejardin.com\/wp-content\/uploads\/2014\/12\/la-ballue-logo1.jpg\",\"width\":297,\"height\":69,\"caption\":\"les Jardins du ch\u00e2teau de la Ballue\"},\"image\":{\"@id\":\"https:\/\/www.laballuejardin.com\/en\/#\/schema\/logo\/image\/\"},\"sameAs\":[\"https:\/\/www.facebook.com\/LaBalluesonchateauetsesjardins\",\"https:\/\/www.instagram.com\/chateaudelaballue\/\",\"https:\/\/www.linkedin.com\/in\/marie-fran\u00e7oise-mathiot-mathon-17453a87?originalSubdomain=fr\",\"https:\/\/www.pinterest.fr\/laballue\/_created\/\",\"https:\/\/fr.wikipedia.org\/wiki\/Ch\u00e2teau_de_la_Ballue\"]},{\"@type\":\"Person\",\"@id\":\"https:\/\/www.laballuejardin.com\/en\/#\/schema\/person\/f2c026be0f87e46c86fd11055f1a87f5\",\"name\":\"Les Jardins de La Ballue\",\"description\":\"\u00c0 quelques kilom\u00e8tres du Mont-Saint-Michel, un univers enchant\u00e9 r\u00e9serve des surprises \u00e0 ceux qui s\u2019y aventurent. Vous d\u00e9couvrez en arrivant un paysage vallonn\u00e9 baign\u00e9 de cette lumi\u00e8re si caract\u00e9ristique \u00e0 la Bretagne et qui, d\u00e9couverte par les impressionnistes, inspira depuis de nombreux peintres.\"}]}<\/script>\n<!-- \/ Yoast SEO plugin. -->","yoast_head_json":{"title":"Winter closing - reopening 2017 in March - Jardins de la Ballue","description":"Even plants need to rest and take shelter during Winter. And Winter is coming... We'll welcome you back next march. Reopening 2017.","robots":{"index":"index","follow":"follow","max-snippet":"max-snippet:-1","max-image-preview":"max-image-preview:large","max-video-preview":"max-video-preview:-1"},"canonical":"https:\/\/www.laballuejardin.com\/en\/events\/winter-closing-reopening-in-march","og_locale":"en_US","og_type":"article","og_title":"Winter closing - reopening 2017 in March - Jardins de la Ballue","og_description":"Even plants need to rest and take shelter during Winter. And Winter is coming... We'll welcome you back next march. Reopening 2017.","og_url":"https:\/\/www.laballuejardin.com\/en\/events\/winter-closing-reopening-in-march","og_site_name":"Les Jardins de la Ballue","article_publisher":"https:\/\/www.facebook.com\/LaBalluesonchateauetsesjardins","article_published_time":"2016-11-23T11:16:49+00:00","article_modified_time":"2021-04-01T14:03:36+00:00","og_image":[{"width":528,"height":348,"url":"https:\/\/www.laballuejardin.com\/wp-content\/uploads\/2016\/11\/fermeture-hivernale-01-1-1.jpg","type":"image\/jpeg"}],"author":"Les Jardins de La Ballue","twitter_card":"summary_large_image","schema":{"@context":"https:\/\/schema.org","@graph":[{"@type":"Article","@id":"https:\/\/www.laballuejardin.com\/en\/events\/winter-closing-reopening-in-march#article","isPartOf":{"@id":"https:\/\/www.laballuejardin.com\/en\/events\/winter-closing-reopening-in-march"},"author":{"name":"Les Jardins de La Ballue","@id":"https:\/\/www.laballuejardin.com\/en\/#\/schema\/person\/f2c026be0f87e46c86fd11055f1a87f5"},"headline":"Winter closing &#8211; reopening 2017 in March","datePublished":"2016-11-23T11:16:49+00:00","dateModified":"2021-04-01T14:03:36+00:00","mainEntityOfPage":{"@id":"https:\/\/www.laballuejardin.com\/en\/events\/winter-closing-reopening-in-march"},"wordCount":95,"publisher":{"@id":"https:\/\/www.laballuejardin.com\/en\/#organization"},"image":{"@id":"https:\/\/www.laballuejardin.com\/en\/events\/winter-closing-reopening-in-march#primaryimage"},"thumbnailUrl":"https:\/\/www.laballuejardin.com\/wp-content\/uploads\/2016\/11\/fermeture-hivernale-01-1-1.jpg","articleSection":["Ev\u00e8nements","Events"],"inLanguage":"en-US"},{"@type":"WebPage","@id":"https:\/\/www.laballuejardin.com\/en\/events\/winter-closing-reopening-in-march","url":"https:\/\/www.laballuejardin.com\/en\/events\/winter-closing-reopening-in-march","name":"Winter closing - reopening 2017 in March - Jardins de la Ballue","isPartOf":{"@id":"https:\/\/www.laballuejardin.com\/en\/#website"},"primaryImageOfPage":{"@id":"https:\/\/www.laballuejardin.com\/en\/events\/winter-closing-reopening-in-march#primaryimage"},"image":{"@id":"https:\/\/www.laballuejardin.com\/en\/events\/winter-closing-reopening-in-march#primaryimage"},"thumbnailUrl":"https:\/\/www.laballuejardin.com\/wp-content\/uploads\/2016\/11\/fermeture-hivernale-01-1-1.jpg","datePublished":"2016-11-23T11:16:49+00:00","dateModified":"2021-04-01T14:03:36+00:00","description":"Even plants need to rest and take shelter during Winter. And Winter is coming... We'll welcome you back next march. Reopening 2017.","breadcrumb":{"@id":"https:\/\/www.laballuejardin.com\/en\/events\/winter-closing-reopening-in-march#breadcrumb"},"inLanguage":"en-US","potentialAction":[{"@type":"ReadAction","target":["https:\/\/www.laballuejardin.com\/en\/events\/winter-closing-reopening-in-march"]}]},{"@type":"ImageObject","inLanguage":"en-US","@id":"https:\/\/www.laballuejardin.com\/en\/events\/winter-closing-reopening-in-march#primaryimage","url":"https:\/\/www.laballuejardin.com\/wp-content\/uploads\/2016\/11\/fermeture-hivernale-01-1-1.jpg","contentUrl":"https:\/\/www.laballuejardin.com\/wp-content\/uploads\/2016\/11\/fermeture-hivernale-01-1-1.jpg","width":528,"height":348},{"@type":"BreadcrumbList","@id":"https:\/\/www.laballuejardin.com\/en\/events\/winter-closing-reopening-in-march#breadcrumb","itemListElement":[{"@type":"ListItem","position":1,"name":"Accueil","item":"https:\/\/www.laballuejardin.com\/en"},{"@type":"ListItem","position":2,"name":"Winter closing &#8211; reopening 2017 in March"}]},{"@type":"WebSite","@id":"https:\/\/www.laballuejardin.com\/en\/#website","url":"https:\/\/www.laballuejardin.com\/en\/","name":"Les Jardins de la Ballue","description":"Joyaux du patrimoine d&#039;Ile et Vilaine","publisher":{"@id":"https:\/\/www.laballuejardin.com\/en\/#organization"},"potentialAction":[{"@type":"SearchAction","target":{"@type":"EntryPoint","urlTemplate":"https:\/\/www.laballuejardin.com\/en\/?s={search_term_string}"},"query-input":{"@type":"PropertyValueSpecification","valueRequired":true,"valueName":"search_term_string"}}],"inLanguage":"en-US"},{"@type":"Organization","@id":"https:\/\/www.laballuejardin.com\/en\/#organization","name":"les Jardins du ch\u00e2teau de la Ballue","url":"https:\/\/www.laballuejardin.com\/en\/","logo":{"@type":"ImageObject","inLanguage":"en-US","@id":"https:\/\/www.laballuejardin.com\/en\/#\/schema\/logo\/image\/","url":"https:\/\/www.laballuejardin.com\/wp-content\/uploads\/2014\/12\/la-ballue-logo1.jpg","contentUrl":"https:\/\/www.laballuejardin.com\/wp-content\/uploads\/2014\/12\/la-ballue-logo1.jpg","width":297,"height":69,"caption":"les Jardins du ch\u00e2teau de la Ballue"},"image":{"@id":"https:\/\/www.laballuejardin.com\/en\/#\/schema\/logo\/image\/"},"sameAs":["https:\/\/www.facebook.com\/LaBalluesonchateauetsesjardins","https:\/\/www.instagram.com\/chateaudelaballue\/","https:\/\/www.linkedin.com\/in\/marie-fran\u00e7oise-mathiot-mathon-17453a87?originalSubdomain=fr","https:\/\/www.pinterest.fr\/laballue\/_created\/","https:\/\/fr.wikipedia.org\/wiki\/Ch\u00e2teau_de_la_Ballue"]},{"@type":"Person","@id":"https:\/\/www.laballuejardin.com\/en\/#\/schema\/person\/f2c026be0f87e46c86fd11055f1a87f5","name":"Les Jardins de La Ballue","description":"\u00c0 quelques kilom\u00e8tres du Mont-Saint-Michel, un univers enchant\u00e9 r\u00e9serve des surprises \u00e0 ceux qui s\u2019y aventurent. Vous d\u00e9couvrez en arrivant un paysage vallonn\u00e9 baign\u00e9 de cette lumi\u00e8re si caract\u00e9ristique \u00e0 la Bretagne et qui, d\u00e9couverte par les impressionnistes, inspira depuis de nombreux peintres."}]}},"_links":{"self":[{"href":"https:\/\/www.laballuejardin.com\/en\/wp-json\/wp\/v2\/posts\/2684","targetHints":{"allow":["GET"]}}],"collection":[{"href":"https:\/\/www.laballuejardin.com\/en\/wp-json\/wp\/v2\/posts"}],"about":[{"href":"https:\/\/www.laballuejardin.com\/en\/wp-json\/wp\/v2\/types\/post"}],"author":[{"embeddable":true,"href":"https:\/\/www.laballuejardin.com\/en\/wp-json\/wp\/v2\/users\/3"}],"replies":[{"embeddable":true,"href":"https:\/\/www.laballuejardin.com\/en\/wp-json\/wp\/v2\/comments?post=2684"}],"version-history":[{"count":6,"href":"https:\/\/www.laballuejardin.com\/en\/wp-json\/wp\/v2\/posts\/2684\/revisions"}],"predecessor-version":[{"id":4377,"href":"https:\/\/www.laballuejardin.com\/en\/wp-json\/wp\/v2\/posts\/2684\/revisions\/4377"}],"wp:featuredmedia":[{"embeddable":true,"href":"https:\/\/www.laballuejardin.com\/en\/wp-json\/wp\/v2\/media\/2826"}],"wp:attachment":[{"href":"https:\/\/www.laballuejardin.com\/en\/wp-json\/wp\/v2\/media?parent=2684"}],"wp:term":[{"taxonomy":"category","embeddable":true,"href":"https:\/\/www.laballuejardin.com\/en\/wp-json\/wp\/v2\/categories?post=2684"},{"taxonomy":"post_tag","embeddable":true,"href":"https:\/\/www.laballuejardin.com\/en\/wp-json\/wp\/v2\/tags?post=2684"}],"curies":[{"name":"wp","href":"https:\/\/api.w.org\/{rel}","templated":true}]}}