{"id":2540,"date":"2016-06-30T12:20:09","date_gmt":"2016-06-30T11:20:09","guid":{"rendered":"https:\/\/www.laballuejardin.com\/?p=2540"},"modified":"2021-04-01T15:09:28","modified_gmt":"2021-04-01T14:09:28","slug":"contemporary-dance-festival-extension-sauvage","status":"publish","type":"post","link":"https:\/\/www.laballuejardin.com\/en\/events\/contemporary-dance-festival-extension-sauvage","title":{"rendered":"Contemporary Dance Festival &#8220;Extension Sauvage&#8221;"},"content":{"rendered":"<p>The extraordinary choreographic adventure called <strong>Extension Sauvage<\/strong>\u00a0performed in the Gardens of the Ch\u00e2teau de la Ballue continues in 2016 in its <sup>5th<\/sup> edition.<\/p>\n<p>Inviting artists from the choreographic field as well as other artistic disciplines to bring their work into a peerless landscaped setting,\u00a0<a href=\"http:\/\/www.figureproject.com\" target=\"_blank\" rel=\"noopener\"><strong>Latifa La\u00e2bissi<\/strong><\/a>, a choreographer and artistic director, and her creative partner <a href=\"http:\/\/www.nadialauro.com\" target=\"_blank\" rel=\"noopener\"><strong>Nadia Lauro<\/strong><\/a>, a plastician and set designer, offer you a jubilatory programme including dance, film and performance.<\/p>\n<p><strong>Saturday June 25 and Sunday June 26, 2016,<\/strong>\u00a0the Extension Sauvage Festival returns for the fifth time to the prestigious\u00a0<strong>Ch\u00e2teau de La Ballue<\/strong>, presenting over two days, major works from dance history as well as more recent pieces.<\/p>\n<p>Choreographers and dancers from all over the world have been invited to this dance festival 2016.<\/p>\n<p>Some of the performances will take place in the Green Theatre, a theatre space of growing greenery and a remarkable part of the garden.<\/p>\n\n\n<p>Not available on these dates, come to <a href=\"https:\/\/www.laballuejardin.com\/en\/online-tickets\">visit the Gardens<\/a> at a time of your choice!<\/p>\n","protected":false},"excerpt":{"rendered":"<p>The extraordinary choreographic adventure called Extension Sauvage\u00a0performed in the Gardens [&hellip;]<\/p>\n","protected":false},"author":3,"featured_media":2564,"comment_status":"closed","ping_status":"closed","sticky":false,"template":"","format":"image","meta":{"footnotes":""},"categories":[20,2],"tags":[],"class_list":["post-2540","post","type-post","status-publish","format-image","has-post-thumbnail","hentry","category-evenements-en","category-events","post_format-post-format-image"],"yoast_head":"<!-- This site is optimized with the Yoast SEO plugin v25.2 - https:\/\/yoast.com\/wordpress\/plugins\/seo\/ -->\n<title>Dance Festival 2016 &quot;Extension Sauvage&quot; - Jardins de la Ballue<\/title>\n<meta name=\"description\" content=\"The 25th and 26th of June, live the dance festival 2016 in an amazing green scenary for an moment of art. Only by reservation.\" \/>\n<meta name=\"robots\" content=\"index, follow, max-snippet:-1, max-image-preview:large, max-video-preview:-1\" \/>\n<link rel=\"canonical\" href=\"https:\/\/www.laballuejardin.com\/en\/events\/contemporary-dance-festival-extension-sauvage\" \/>\n<meta property=\"og:locale\" content=\"en_US\" \/>\n<meta property=\"og:type\" content=\"article\" \/>\n<meta property=\"og:title\" content=\"Dance Festival 2016 &quot;Extension Sauvage&quot; - Jardins de la Ballue\" \/>\n<meta property=\"og:description\" content=\"The 25th and 26th of June, live the dance festival 2016 in an amazing green scenary for an moment of art. Only by reservation.\" \/>\n<meta property=\"og:url\" content=\"https:\/\/www.laballuejardin.com\/en\/events\/contemporary-dance-festival-extension-sauvage\" \/>\n<meta property=\"og:site_name\" content=\"Les Jardins de la Ballue\" \/>\n<meta property=\"article:publisher\" content=\"https:\/\/www.facebook.com\/LaBalluesonchateauetsesjardins\" \/>\n<meta property=\"article:published_time\" content=\"2016-06-30T11:20:09+00:00\" \/>\n<meta property=\"article:modified_time\" content=\"2021-04-01T14:09:28+00:00\" \/>\n<meta property=\"og:image\" content=\"https:\/\/www.laballuejardin.com\/wp-content\/uploads\/2016\/06\/Festival-de-Danse-contemporaine-EN.jpg\" \/>\n\t<meta property=\"og:image:width\" content=\"528\" \/>\n\t<meta property=\"og:image:height\" content=\"348\" \/>\n\t<meta property=\"og:image:type\" content=\"image\/jpeg\" \/>\n<meta name=\"author\" content=\"Les Jardins de La Ballue\" \/>\n<meta name=\"twitter:card\" content=\"summary_large_image\" \/>\n<script type=\"application\/ld+json\" class=\"yoast-schema-graph\">{\"@context\":\"https:\/\/schema.org\",\"@graph\":[{\"@type\":\"Article\",\"@id\":\"https:\/\/www.laballuejardin.com\/en\/events\/contemporary-dance-festival-extension-sauvage#article\",\"isPartOf\":{\"@id\":\"https:\/\/www.laballuejardin.com\/en\/events\/contemporary-dance-festival-extension-sauvage\"},\"author\":{\"name\":\"Les Jardins de La Ballue\",\"@id\":\"https:\/\/www.laballuejardin.com\/en\/#\/schema\/person\/f2c026be0f87e46c86fd11055f1a87f5\"},\"headline\":\"Contemporary Dance Festival &#8220;Extension Sauvage&#8221;\",\"datePublished\":\"2016-06-30T11:20:09+00:00\",\"dateModified\":\"2021-04-01T14:09:28+00:00\",\"mainEntityOfPage\":{\"@id\":\"https:\/\/www.laballuejardin.com\/en\/events\/contemporary-dance-festival-extension-sauvage\"},\"wordCount\":171,\"publisher\":{\"@id\":\"https:\/\/www.laballuejardin.com\/en\/#organization\"},\"image\":{\"@id\":\"https:\/\/www.laballuejardin.com\/en\/events\/contemporary-dance-festival-extension-sauvage#primaryimage\"},\"thumbnailUrl\":\"https:\/\/www.laballuejardin.com\/wp-content\/uploads\/2016\/06\/Festival-de-Danse-contemporaine-EN.jpg\",\"articleSection\":[\"Ev\u00e8nements\",\"Events\"],\"inLanguage\":\"en-US\"},{\"@type\":\"WebPage\",\"@id\":\"https:\/\/www.laballuejardin.com\/en\/events\/contemporary-dance-festival-extension-sauvage\",\"url\":\"https:\/\/www.laballuejardin.com\/en\/events\/contemporary-dance-festival-extension-sauvage\",\"name\":\"Dance Festival 2016 \\\"Extension Sauvage\\\" - Jardins de la Ballue\",\"isPartOf\":{\"@id\":\"https:\/\/www.laballuejardin.com\/en\/#website\"},\"primaryImageOfPage\":{\"@id\":\"https:\/\/www.laballuejardin.com\/en\/events\/contemporary-dance-festival-extension-sauvage#primaryimage\"},\"image\":{\"@id\":\"https:\/\/www.laballuejardin.com\/en\/events\/contemporary-dance-festival-extension-sauvage#primaryimage\"},\"thumbnailUrl\":\"https:\/\/www.laballuejardin.com\/wp-content\/uploads\/2016\/06\/Festival-de-Danse-contemporaine-EN.jpg\",\"datePublished\":\"2016-06-30T11:20:09+00:00\",\"dateModified\":\"2021-04-01T14:09:28+00:00\",\"description\":\"The 25th and 26th of June, live the dance festival 2016 in an amazing green scenary for an moment of art. Only by reservation.\",\"breadcrumb\":{\"@id\":\"https:\/\/www.laballuejardin.com\/en\/events\/contemporary-dance-festival-extension-sauvage#breadcrumb\"},\"inLanguage\":\"en-US\",\"potentialAction\":[{\"@type\":\"ReadAction\",\"target\":[\"https:\/\/www.laballuejardin.com\/en\/events\/contemporary-dance-festival-extension-sauvage\"]}]},{\"@type\":\"ImageObject\",\"inLanguage\":\"en-US\",\"@id\":\"https:\/\/www.laballuejardin.com\/en\/events\/contemporary-dance-festival-extension-sauvage#primaryimage\",\"url\":\"https:\/\/www.laballuejardin.com\/wp-content\/uploads\/2016\/06\/Festival-de-Danse-contemporaine-EN.jpg\",\"contentUrl\":\"https:\/\/www.laballuejardin.com\/wp-content\/uploads\/2016\/06\/Festival-de-Danse-contemporaine-EN.jpg\",\"width\":528,\"height\":348},{\"@type\":\"BreadcrumbList\",\"@id\":\"https:\/\/www.laballuejardin.com\/en\/events\/contemporary-dance-festival-extension-sauvage#breadcrumb\",\"itemListElement\":[{\"@type\":\"ListItem\",\"position\":1,\"name\":\"Accueil\",\"item\":\"https:\/\/www.laballuejardin.com\/en\"},{\"@type\":\"ListItem\",\"position\":2,\"name\":\"Contemporary Dance Festival &#8220;Extension Sauvage&#8221;\"}]},{\"@type\":\"WebSite\",\"@id\":\"https:\/\/www.laballuejardin.com\/en\/#website\",\"url\":\"https:\/\/www.laballuejardin.com\/en\/\",\"name\":\"Les Jardins de la Ballue\",\"description\":\"Joyaux du patrimoine d&#039;Ile et Vilaine\",\"publisher\":{\"@id\":\"https:\/\/www.laballuejardin.com\/en\/#organization\"},\"potentialAction\":[{\"@type\":\"SearchAction\",\"target\":{\"@type\":\"EntryPoint\",\"urlTemplate\":\"https:\/\/www.laballuejardin.com\/en\/?s={search_term_string}\"},\"query-input\":{\"@type\":\"PropertyValueSpecification\",\"valueRequired\":true,\"valueName\":\"search_term_string\"}}],\"inLanguage\":\"en-US\"},{\"@type\":\"Organization\",\"@id\":\"https:\/\/www.laballuejardin.com\/en\/#organization\",\"name\":\"les Jardins du ch\u00e2teau de la Ballue\",\"url\":\"https:\/\/www.laballuejardin.com\/en\/\",\"logo\":{\"@type\":\"ImageObject\",\"inLanguage\":\"en-US\",\"@id\":\"https:\/\/www.laballuejardin.com\/en\/#\/schema\/logo\/image\/\",\"url\":\"https:\/\/www.laballuejardin.com\/wp-content\/uploads\/2014\/12\/la-ballue-logo1.jpg\",\"contentUrl\":\"https:\/\/www.laballuejardin.com\/wp-content\/uploads\/2014\/12\/la-ballue-logo1.jpg\",\"width\":297,\"height\":69,\"caption\":\"les Jardins du ch\u00e2teau de la Ballue\"},\"image\":{\"@id\":\"https:\/\/www.laballuejardin.com\/en\/#\/schema\/logo\/image\/\"},\"sameAs\":[\"https:\/\/www.facebook.com\/LaBalluesonchateauetsesjardins\",\"https:\/\/www.instagram.com\/chateaudelaballue\/\",\"https:\/\/www.linkedin.com\/in\/marie-fran\u00e7oise-mathiot-mathon-17453a87?originalSubdomain=fr\",\"https:\/\/www.pinterest.fr\/laballue\/_created\/\",\"https:\/\/fr.wikipedia.org\/wiki\/Ch\u00e2teau_de_la_Ballue\"]},{\"@type\":\"Person\",\"@id\":\"https:\/\/www.laballuejardin.com\/en\/#\/schema\/person\/f2c026be0f87e46c86fd11055f1a87f5\",\"name\":\"Les Jardins de La Ballue\",\"description\":\"\u00c0 quelques kilom\u00e8tres du Mont-Saint-Michel, un univers enchant\u00e9 r\u00e9serve des surprises \u00e0 ceux qui s\u2019y aventurent. Vous d\u00e9couvrez en arrivant un paysage vallonn\u00e9 baign\u00e9 de cette lumi\u00e8re si caract\u00e9ristique \u00e0 la Bretagne et qui, d\u00e9couverte par les impressionnistes, inspira depuis de nombreux peintres.\"}]}<\/script>\n<!-- \/ Yoast SEO plugin. -->","yoast_head_json":{"title":"Dance Festival 2016 \"Extension Sauvage\" - Jardins de la Ballue","description":"The 25th and 26th of June, live the dance festival 2016 in an amazing green scenary for an moment of art. Only by reservation.","robots":{"index":"index","follow":"follow","max-snippet":"max-snippet:-1","max-image-preview":"max-image-preview:large","max-video-preview":"max-video-preview:-1"},"canonical":"https:\/\/www.laballuejardin.com\/en\/events\/contemporary-dance-festival-extension-sauvage","og_locale":"en_US","og_type":"article","og_title":"Dance Festival 2016 \"Extension Sauvage\" - Jardins de la Ballue","og_description":"The 25th and 26th of June, live the dance festival 2016 in an amazing green scenary for an moment of art. Only by reservation.","og_url":"https:\/\/www.laballuejardin.com\/en\/events\/contemporary-dance-festival-extension-sauvage","og_site_name":"Les Jardins de la Ballue","article_publisher":"https:\/\/www.facebook.com\/LaBalluesonchateauetsesjardins","article_published_time":"2016-06-30T11:20:09+00:00","article_modified_time":"2021-04-01T14:09:28+00:00","og_image":[{"width":528,"height":348,"url":"https:\/\/www.laballuejardin.com\/wp-content\/uploads\/2016\/06\/Festival-de-Danse-contemporaine-EN.jpg","type":"image\/jpeg"}],"author":"Les Jardins de La Ballue","twitter_card":"summary_large_image","schema":{"@context":"https:\/\/schema.org","@graph":[{"@type":"Article","@id":"https:\/\/www.laballuejardin.com\/en\/events\/contemporary-dance-festival-extension-sauvage#article","isPartOf":{"@id":"https:\/\/www.laballuejardin.com\/en\/events\/contemporary-dance-festival-extension-sauvage"},"author":{"name":"Les Jardins de La Ballue","@id":"https:\/\/www.laballuejardin.com\/en\/#\/schema\/person\/f2c026be0f87e46c86fd11055f1a87f5"},"headline":"Contemporary Dance Festival &#8220;Extension Sauvage&#8221;","datePublished":"2016-06-30T11:20:09+00:00","dateModified":"2021-04-01T14:09:28+00:00","mainEntityOfPage":{"@id":"https:\/\/www.laballuejardin.com\/en\/events\/contemporary-dance-festival-extension-sauvage"},"wordCount":171,"publisher":{"@id":"https:\/\/www.laballuejardin.com\/en\/#organization"},"image":{"@id":"https:\/\/www.laballuejardin.com\/en\/events\/contemporary-dance-festival-extension-sauvage#primaryimage"},"thumbnailUrl":"https:\/\/www.laballuejardin.com\/wp-content\/uploads\/2016\/06\/Festival-de-Danse-contemporaine-EN.jpg","articleSection":["Ev\u00e8nements","Events"],"inLanguage":"en-US"},{"@type":"WebPage","@id":"https:\/\/www.laballuejardin.com\/en\/events\/contemporary-dance-festival-extension-sauvage","url":"https:\/\/www.laballuejardin.com\/en\/events\/contemporary-dance-festival-extension-sauvage","name":"Dance Festival 2016 \"Extension Sauvage\" - Jardins de la Ballue","isPartOf":{"@id":"https:\/\/www.laballuejardin.com\/en\/#website"},"primaryImageOfPage":{"@id":"https:\/\/www.laballuejardin.com\/en\/events\/contemporary-dance-festival-extension-sauvage#primaryimage"},"image":{"@id":"https:\/\/www.laballuejardin.com\/en\/events\/contemporary-dance-festival-extension-sauvage#primaryimage"},"thumbnailUrl":"https:\/\/www.laballuejardin.com\/wp-content\/uploads\/2016\/06\/Festival-de-Danse-contemporaine-EN.jpg","datePublished":"2016-06-30T11:20:09+00:00","dateModified":"2021-04-01T14:09:28+00:00","description":"The 25th and 26th of June, live the dance festival 2016 in an amazing green scenary for an moment of art. Only by reservation.","breadcrumb":{"@id":"https:\/\/www.laballuejardin.com\/en\/events\/contemporary-dance-festival-extension-sauvage#breadcrumb"},"inLanguage":"en-US","potentialAction":[{"@type":"ReadAction","target":["https:\/\/www.laballuejardin.com\/en\/events\/contemporary-dance-festival-extension-sauvage"]}]},{"@type":"ImageObject","inLanguage":"en-US","@id":"https:\/\/www.laballuejardin.com\/en\/events\/contemporary-dance-festival-extension-sauvage#primaryimage","url":"https:\/\/www.laballuejardin.com\/wp-content\/uploads\/2016\/06\/Festival-de-Danse-contemporaine-EN.jpg","contentUrl":"https:\/\/www.laballuejardin.com\/wp-content\/uploads\/2016\/06\/Festival-de-Danse-contemporaine-EN.jpg","width":528,"height":348},{"@type":"BreadcrumbList","@id":"https:\/\/www.laballuejardin.com\/en\/events\/contemporary-dance-festival-extension-sauvage#breadcrumb","itemListElement":[{"@type":"ListItem","position":1,"name":"Accueil","item":"https:\/\/www.laballuejardin.com\/en"},{"@type":"ListItem","position":2,"name":"Contemporary Dance Festival &#8220;Extension Sauvage&#8221;"}]},{"@type":"WebSite","@id":"https:\/\/www.laballuejardin.com\/en\/#website","url":"https:\/\/www.laballuejardin.com\/en\/","name":"Les Jardins de la Ballue","description":"Joyaux du patrimoine d&#039;Ile et Vilaine","publisher":{"@id":"https:\/\/www.laballuejardin.com\/en\/#organization"},"potentialAction":[{"@type":"SearchAction","target":{"@type":"EntryPoint","urlTemplate":"https:\/\/www.laballuejardin.com\/en\/?s={search_term_string}"},"query-input":{"@type":"PropertyValueSpecification","valueRequired":true,"valueName":"search_term_string"}}],"inLanguage":"en-US"},{"@type":"Organization","@id":"https:\/\/www.laballuejardin.com\/en\/#organization","name":"les Jardins du ch\u00e2teau de la Ballue","url":"https:\/\/www.laballuejardin.com\/en\/","logo":{"@type":"ImageObject","inLanguage":"en-US","@id":"https:\/\/www.laballuejardin.com\/en\/#\/schema\/logo\/image\/","url":"https:\/\/www.laballuejardin.com\/wp-content\/uploads\/2014\/12\/la-ballue-logo1.jpg","contentUrl":"https:\/\/www.laballuejardin.com\/wp-content\/uploads\/2014\/12\/la-ballue-logo1.jpg","width":297,"height":69,"caption":"les Jardins du ch\u00e2teau de la Ballue"},"image":{"@id":"https:\/\/www.laballuejardin.com\/en\/#\/schema\/logo\/image\/"},"sameAs":["https:\/\/www.facebook.com\/LaBalluesonchateauetsesjardins","https:\/\/www.instagram.com\/chateaudelaballue\/","https:\/\/www.linkedin.com\/in\/marie-fran\u00e7oise-mathiot-mathon-17453a87?originalSubdomain=fr","https:\/\/www.pinterest.fr\/laballue\/_created\/","https:\/\/fr.wikipedia.org\/wiki\/Ch\u00e2teau_de_la_Ballue"]},{"@type":"Person","@id":"https:\/\/www.laballuejardin.com\/en\/#\/schema\/person\/f2c026be0f87e46c86fd11055f1a87f5","name":"Les Jardins de La Ballue","description":"\u00c0 quelques kilom\u00e8tres du Mont-Saint-Michel, un univers enchant\u00e9 r\u00e9serve des surprises \u00e0 ceux qui s\u2019y aventurent. Vous d\u00e9couvrez en arrivant un paysage vallonn\u00e9 baign\u00e9 de cette lumi\u00e8re si caract\u00e9ristique \u00e0 la Bretagne et qui, d\u00e9couverte par les impressionnistes, inspira depuis de nombreux peintres."}]}},"_links":{"self":[{"href":"https:\/\/www.laballuejardin.com\/en\/wp-json\/wp\/v2\/posts\/2540","targetHints":{"allow":["GET"]}}],"collection":[{"href":"https:\/\/www.laballuejardin.com\/en\/wp-json\/wp\/v2\/posts"}],"about":[{"href":"https:\/\/www.laballuejardin.com\/en\/wp-json\/wp\/v2\/types\/post"}],"author":[{"embeddable":true,"href":"https:\/\/www.laballuejardin.com\/en\/wp-json\/wp\/v2\/users\/3"}],"replies":[{"embeddable":true,"href":"https:\/\/www.laballuejardin.com\/en\/wp-json\/wp\/v2\/comments?post=2540"}],"version-history":[{"count":2,"href":"https:\/\/www.laballuejardin.com\/en\/wp-json\/wp\/v2\/posts\/2540\/revisions"}],"predecessor-version":[{"id":4383,"href":"https:\/\/www.laballuejardin.com\/en\/wp-json\/wp\/v2\/posts\/2540\/revisions\/4383"}],"wp:featuredmedia":[{"embeddable":true,"href":"https:\/\/www.laballuejardin.com\/en\/wp-json\/wp\/v2\/media\/2564"}],"wp:attachment":[{"href":"https:\/\/www.laballuejardin.com\/en\/wp-json\/wp\/v2\/media?parent=2540"}],"wp:term":[{"taxonomy":"category","embeddable":true,"href":"https:\/\/www.laballuejardin.com\/en\/wp-json\/wp\/v2\/categories?post=2540"},{"taxonomy":"post_tag","embeddable":true,"href":"https:\/\/www.laballuejardin.com\/en\/wp-json\/wp\/v2\/tags?post=2540"}],"curies":[{"name":"wp","href":"https:\/\/api.w.org\/{rel}","templated":true}]}}