{"id":2406,"date":"2015-11-06T15:38:07","date_gmt":"2015-11-06T14:38:07","guid":{"rendered":"https:\/\/www.laballuejardin.com\/?p=2406"},"modified":"2022-05-20T13:28:45","modified_gmt":"2022-05-20T12:28:45","slug":"lpo-label-obtain-at-the-garden-of-la-ballue","status":"publish","type":"post","link":"https:\/\/www.laballuejardin.com\/en\/events\/lpo-label-obtain-at-the-garden-of-la-ballue","title":{"rendered":"The Gardens of La Ballue and the LPO Label"},"content":{"rendered":"<p>The French League for the Birds Protection permits to preserve the biodiversity and discover the\u00a0surrounding nature. The Gardens of La Ballue correspond perfectly with this agreement and received its Label <a href=\"https:\/\/www.laballuejardin.com\/wp-content\/uploads\/2015\/11\/Label-LPO1.pdf\">&#8220;My structure is a\u00a0LPO refuge&#8221;<\/a>&#8220;.<\/p>\n<p>Receiving this Label we want to show that we participate to the common effort for the nature protection conducting concrete actions to maintain\u00a0and develop the nature (fauna, flora and landscape).<\/p>\n<p>We adopted, several years ago, an ecological management of our Refuge. We don&#8217;t use chemical pesticides, we hand-weed allowing to keep every and each element necessary to birds and bats life (insects, and non chemically treated flora).<\/p>\n<p>The numerous hedges and topiaries are remarkable protectives structures for nests implantation. You will discover during your visit at the Gardens of la Ballue, different species we host: chickadees, song trush, robin,&#8230; and a family of \u00a0barn owl who live in the attic&#8230;<\/p>\n<p>More information about the LPO label on the <a href=\"https:\/\/www.lpo.fr\/\" target=\"_blank\" rel=\"noopener\">website<\/a>.<\/p>\n\n\n<div class=\"wp-block-buttons is-content-justification-center is-layout-flex wp-block-buttons-is-layout-flex\">\n<div class=\"wp-block-button\"><a class=\"wp-block-button__link has-background\" href=\"https:\/\/www.laballuejardin.com\/en\/online-tickets\" style=\"background-color:#b9b575\">Book your visit now to see this Historical Garden<\/a><\/div>\n<\/div>\n","protected":false},"excerpt":{"rendered":"<p>The French League for the Birds Protection permits to preserve [&hellip;]<\/p>\n","protected":false},"author":3,"featured_media":2464,"comment_status":"closed","ping_status":"closed","sticky":false,"template":"","format":"standard","meta":{"footnotes":""},"categories":[16,2],"tags":[],"class_list":["post-2406","post","type-post","status-publish","format-standard","has-post-thumbnail","hentry","category-blog","category-events"],"yoast_head":"<!-- This site is optimized with the Yoast SEO plugin v25.2 - https:\/\/yoast.com\/wordpress\/plugins\/seo\/ -->\n<title>The Gardens of La Ballue and the LPO Label - Jardins de la Ballue<\/title>\n<meta name=\"description\" content=\"The La Ballue Gardens are keen to protect the birds. As LPO Label Gardens, they are recognized as shelter and protected environment for them.\" \/>\n<meta name=\"robots\" content=\"index, follow, max-snippet:-1, max-image-preview:large, max-video-preview:-1\" \/>\n<link rel=\"canonical\" href=\"https:\/\/www.laballuejardin.com\/en\/events\/lpo-label-obtain-at-the-garden-of-la-ballue\" \/>\n<meta property=\"og:locale\" content=\"en_US\" \/>\n<meta property=\"og:type\" content=\"article\" \/>\n<meta property=\"og:title\" content=\"The Gardens of La Ballue and the LPO Label - Jardins de la Ballue\" \/>\n<meta property=\"og:description\" content=\"The La Ballue Gardens are keen to protect the birds. As LPO Label Gardens, they are recognized as shelter and protected environment for them.\" \/>\n<meta property=\"og:url\" content=\"https:\/\/www.laballuejardin.com\/en\/events\/lpo-label-obtain-at-the-garden-of-la-ballue\" \/>\n<meta property=\"og:site_name\" content=\"Les Jardins de la Ballue\" \/>\n<meta property=\"article:publisher\" content=\"https:\/\/www.facebook.com\/LaBalluesonchateauetsesjardins\" \/>\n<meta property=\"article:published_time\" content=\"2015-11-06T14:38:07+00:00\" \/>\n<meta property=\"article:modified_time\" content=\"2022-05-20T12:28:45+00:00\" \/>\n<meta property=\"og:image\" content=\"https:\/\/www.laballuejardin.com\/wp-content\/uploads\/2015\/11\/label-lpo-EN.jpg\" \/>\n\t<meta property=\"og:image:width\" content=\"528\" \/>\n\t<meta property=\"og:image:height\" content=\"348\" \/>\n\t<meta property=\"og:image:type\" content=\"image\/jpeg\" \/>\n<meta name=\"author\" content=\"Les Jardins de La Ballue\" \/>\n<meta name=\"twitter:card\" content=\"summary_large_image\" \/>\n<script type=\"application\/ld+json\" class=\"yoast-schema-graph\">{\"@context\":\"https:\/\/schema.org\",\"@graph\":[{\"@type\":\"Article\",\"@id\":\"https:\/\/www.laballuejardin.com\/en\/events\/lpo-label-obtain-at-the-garden-of-la-ballue#article\",\"isPartOf\":{\"@id\":\"https:\/\/www.laballuejardin.com\/en\/events\/lpo-label-obtain-at-the-garden-of-la-ballue\"},\"author\":{\"name\":\"Les Jardins de La Ballue\",\"@id\":\"https:\/\/www.laballuejardin.com\/en\/#\/schema\/person\/f2c026be0f87e46c86fd11055f1a87f5\"},\"headline\":\"The Gardens of La Ballue and the LPO Label\",\"datePublished\":\"2015-11-06T14:38:07+00:00\",\"dateModified\":\"2022-05-20T12:28:45+00:00\",\"mainEntityOfPage\":{\"@id\":\"https:\/\/www.laballuejardin.com\/en\/events\/lpo-label-obtain-at-the-garden-of-la-ballue\"},\"wordCount\":176,\"publisher\":{\"@id\":\"https:\/\/www.laballuejardin.com\/en\/#organization\"},\"image\":{\"@id\":\"https:\/\/www.laballuejardin.com\/en\/events\/lpo-label-obtain-at-the-garden-of-la-ballue#primaryimage\"},\"thumbnailUrl\":\"https:\/\/www.laballuejardin.com\/wp-content\/uploads\/2015\/11\/label-lpo-EN.jpg\",\"articleSection\":[\"Blog\",\"Events\"],\"inLanguage\":\"en-US\"},{\"@type\":\"WebPage\",\"@id\":\"https:\/\/www.laballuejardin.com\/en\/events\/lpo-label-obtain-at-the-garden-of-la-ballue\",\"url\":\"https:\/\/www.laballuejardin.com\/en\/events\/lpo-label-obtain-at-the-garden-of-la-ballue\",\"name\":\"The Gardens of La Ballue and the LPO Label - Jardins de la Ballue\",\"isPartOf\":{\"@id\":\"https:\/\/www.laballuejardin.com\/en\/#website\"},\"primaryImageOfPage\":{\"@id\":\"https:\/\/www.laballuejardin.com\/en\/events\/lpo-label-obtain-at-the-garden-of-la-ballue#primaryimage\"},\"image\":{\"@id\":\"https:\/\/www.laballuejardin.com\/en\/events\/lpo-label-obtain-at-the-garden-of-la-ballue#primaryimage\"},\"thumbnailUrl\":\"https:\/\/www.laballuejardin.com\/wp-content\/uploads\/2015\/11\/label-lpo-EN.jpg\",\"datePublished\":\"2015-11-06T14:38:07+00:00\",\"dateModified\":\"2022-05-20T12:28:45+00:00\",\"description\":\"The La Ballue Gardens are keen to protect the birds. As LPO Label Gardens, they are recognized as shelter and protected environment for them.\",\"breadcrumb\":{\"@id\":\"https:\/\/www.laballuejardin.com\/en\/events\/lpo-label-obtain-at-the-garden-of-la-ballue#breadcrumb\"},\"inLanguage\":\"en-US\",\"potentialAction\":[{\"@type\":\"ReadAction\",\"target\":[\"https:\/\/www.laballuejardin.com\/en\/events\/lpo-label-obtain-at-the-garden-of-la-ballue\"]}]},{\"@type\":\"ImageObject\",\"inLanguage\":\"en-US\",\"@id\":\"https:\/\/www.laballuejardin.com\/en\/events\/lpo-label-obtain-at-the-garden-of-la-ballue#primaryimage\",\"url\":\"https:\/\/www.laballuejardin.com\/wp-content\/uploads\/2015\/11\/label-lpo-EN.jpg\",\"contentUrl\":\"https:\/\/www.laballuejardin.com\/wp-content\/uploads\/2015\/11\/label-lpo-EN.jpg\",\"width\":528,\"height\":348},{\"@type\":\"BreadcrumbList\",\"@id\":\"https:\/\/www.laballuejardin.com\/en\/events\/lpo-label-obtain-at-the-garden-of-la-ballue#breadcrumb\",\"itemListElement\":[{\"@type\":\"ListItem\",\"position\":1,\"name\":\"Accueil\",\"item\":\"https:\/\/www.laballuejardin.com\/en\"},{\"@type\":\"ListItem\",\"position\":2,\"name\":\"The Gardens of La Ballue and the LPO Label\"}]},{\"@type\":\"WebSite\",\"@id\":\"https:\/\/www.laballuejardin.com\/en\/#website\",\"url\":\"https:\/\/www.laballuejardin.com\/en\/\",\"name\":\"Les Jardins de la Ballue\",\"description\":\"Joyaux du patrimoine d&#039;Ile et Vilaine\",\"publisher\":{\"@id\":\"https:\/\/www.laballuejardin.com\/en\/#organization\"},\"potentialAction\":[{\"@type\":\"SearchAction\",\"target\":{\"@type\":\"EntryPoint\",\"urlTemplate\":\"https:\/\/www.laballuejardin.com\/en\/?s={search_term_string}\"},\"query-input\":{\"@type\":\"PropertyValueSpecification\",\"valueRequired\":true,\"valueName\":\"search_term_string\"}}],\"inLanguage\":\"en-US\"},{\"@type\":\"Organization\",\"@id\":\"https:\/\/www.laballuejardin.com\/en\/#organization\",\"name\":\"les Jardins du ch\u00e2teau de la Ballue\",\"url\":\"https:\/\/www.laballuejardin.com\/en\/\",\"logo\":{\"@type\":\"ImageObject\",\"inLanguage\":\"en-US\",\"@id\":\"https:\/\/www.laballuejardin.com\/en\/#\/schema\/logo\/image\/\",\"url\":\"https:\/\/www.laballuejardin.com\/wp-content\/uploads\/2014\/12\/la-ballue-logo1.jpg\",\"contentUrl\":\"https:\/\/www.laballuejardin.com\/wp-content\/uploads\/2014\/12\/la-ballue-logo1.jpg\",\"width\":297,\"height\":69,\"caption\":\"les Jardins du ch\u00e2teau de la Ballue\"},\"image\":{\"@id\":\"https:\/\/www.laballuejardin.com\/en\/#\/schema\/logo\/image\/\"},\"sameAs\":[\"https:\/\/www.facebook.com\/LaBalluesonchateauetsesjardins\",\"https:\/\/www.instagram.com\/chateaudelaballue\/\",\"https:\/\/www.linkedin.com\/in\/marie-fran\u00e7oise-mathiot-mathon-17453a87?originalSubdomain=fr\",\"https:\/\/www.pinterest.fr\/laballue\/_created\/\",\"https:\/\/fr.wikipedia.org\/wiki\/Ch\u00e2teau_de_la_Ballue\"]},{\"@type\":\"Person\",\"@id\":\"https:\/\/www.laballuejardin.com\/en\/#\/schema\/person\/f2c026be0f87e46c86fd11055f1a87f5\",\"name\":\"Les Jardins de La Ballue\",\"description\":\"\u00c0 quelques kilom\u00e8tres du Mont-Saint-Michel, un univers enchant\u00e9 r\u00e9serve des surprises \u00e0 ceux qui s\u2019y aventurent. Vous d\u00e9couvrez en arrivant un paysage vallonn\u00e9 baign\u00e9 de cette lumi\u00e8re si caract\u00e9ristique \u00e0 la Bretagne et qui, d\u00e9couverte par les impressionnistes, inspira depuis de nombreux peintres.\"}]}<\/script>\n<!-- \/ Yoast SEO plugin. -->","yoast_head_json":{"title":"The Gardens of La Ballue and the LPO Label - Jardins de la Ballue","description":"The La Ballue Gardens are keen to protect the birds. As LPO Label Gardens, they are recognized as shelter and protected environment for them.","robots":{"index":"index","follow":"follow","max-snippet":"max-snippet:-1","max-image-preview":"max-image-preview:large","max-video-preview":"max-video-preview:-1"},"canonical":"https:\/\/www.laballuejardin.com\/en\/events\/lpo-label-obtain-at-the-garden-of-la-ballue","og_locale":"en_US","og_type":"article","og_title":"The Gardens of La Ballue and the LPO Label - Jardins de la Ballue","og_description":"The La Ballue Gardens are keen to protect the birds. As LPO Label Gardens, they are recognized as shelter and protected environment for them.","og_url":"https:\/\/www.laballuejardin.com\/en\/events\/lpo-label-obtain-at-the-garden-of-la-ballue","og_site_name":"Les Jardins de la Ballue","article_publisher":"https:\/\/www.facebook.com\/LaBalluesonchateauetsesjardins","article_published_time":"2015-11-06T14:38:07+00:00","article_modified_time":"2022-05-20T12:28:45+00:00","og_image":[{"width":528,"height":348,"url":"https:\/\/www.laballuejardin.com\/wp-content\/uploads\/2015\/11\/label-lpo-EN.jpg","type":"image\/jpeg"}],"author":"Les Jardins de La Ballue","twitter_card":"summary_large_image","schema":{"@context":"https:\/\/schema.org","@graph":[{"@type":"Article","@id":"https:\/\/www.laballuejardin.com\/en\/events\/lpo-label-obtain-at-the-garden-of-la-ballue#article","isPartOf":{"@id":"https:\/\/www.laballuejardin.com\/en\/events\/lpo-label-obtain-at-the-garden-of-la-ballue"},"author":{"name":"Les Jardins de La Ballue","@id":"https:\/\/www.laballuejardin.com\/en\/#\/schema\/person\/f2c026be0f87e46c86fd11055f1a87f5"},"headline":"The Gardens of La Ballue and the LPO Label","datePublished":"2015-11-06T14:38:07+00:00","dateModified":"2022-05-20T12:28:45+00:00","mainEntityOfPage":{"@id":"https:\/\/www.laballuejardin.com\/en\/events\/lpo-label-obtain-at-the-garden-of-la-ballue"},"wordCount":176,"publisher":{"@id":"https:\/\/www.laballuejardin.com\/en\/#organization"},"image":{"@id":"https:\/\/www.laballuejardin.com\/en\/events\/lpo-label-obtain-at-the-garden-of-la-ballue#primaryimage"},"thumbnailUrl":"https:\/\/www.laballuejardin.com\/wp-content\/uploads\/2015\/11\/label-lpo-EN.jpg","articleSection":["Blog","Events"],"inLanguage":"en-US"},{"@type":"WebPage","@id":"https:\/\/www.laballuejardin.com\/en\/events\/lpo-label-obtain-at-the-garden-of-la-ballue","url":"https:\/\/www.laballuejardin.com\/en\/events\/lpo-label-obtain-at-the-garden-of-la-ballue","name":"The Gardens of La Ballue and the LPO Label - Jardins de la Ballue","isPartOf":{"@id":"https:\/\/www.laballuejardin.com\/en\/#website"},"primaryImageOfPage":{"@id":"https:\/\/www.laballuejardin.com\/en\/events\/lpo-label-obtain-at-the-garden-of-la-ballue#primaryimage"},"image":{"@id":"https:\/\/www.laballuejardin.com\/en\/events\/lpo-label-obtain-at-the-garden-of-la-ballue#primaryimage"},"thumbnailUrl":"https:\/\/www.laballuejardin.com\/wp-content\/uploads\/2015\/11\/label-lpo-EN.jpg","datePublished":"2015-11-06T14:38:07+00:00","dateModified":"2022-05-20T12:28:45+00:00","description":"The La Ballue Gardens are keen to protect the birds. As LPO Label Gardens, they are recognized as shelter and protected environment for them.","breadcrumb":{"@id":"https:\/\/www.laballuejardin.com\/en\/events\/lpo-label-obtain-at-the-garden-of-la-ballue#breadcrumb"},"inLanguage":"en-US","potentialAction":[{"@type":"ReadAction","target":["https:\/\/www.laballuejardin.com\/en\/events\/lpo-label-obtain-at-the-garden-of-la-ballue"]}]},{"@type":"ImageObject","inLanguage":"en-US","@id":"https:\/\/www.laballuejardin.com\/en\/events\/lpo-label-obtain-at-the-garden-of-la-ballue#primaryimage","url":"https:\/\/www.laballuejardin.com\/wp-content\/uploads\/2015\/11\/label-lpo-EN.jpg","contentUrl":"https:\/\/www.laballuejardin.com\/wp-content\/uploads\/2015\/11\/label-lpo-EN.jpg","width":528,"height":348},{"@type":"BreadcrumbList","@id":"https:\/\/www.laballuejardin.com\/en\/events\/lpo-label-obtain-at-the-garden-of-la-ballue#breadcrumb","itemListElement":[{"@type":"ListItem","position":1,"name":"Accueil","item":"https:\/\/www.laballuejardin.com\/en"},{"@type":"ListItem","position":2,"name":"The Gardens of La Ballue and the LPO Label"}]},{"@type":"WebSite","@id":"https:\/\/www.laballuejardin.com\/en\/#website","url":"https:\/\/www.laballuejardin.com\/en\/","name":"Les Jardins de la Ballue","description":"Joyaux du patrimoine d&#039;Ile et Vilaine","publisher":{"@id":"https:\/\/www.laballuejardin.com\/en\/#organization"},"potentialAction":[{"@type":"SearchAction","target":{"@type":"EntryPoint","urlTemplate":"https:\/\/www.laballuejardin.com\/en\/?s={search_term_string}"},"query-input":{"@type":"PropertyValueSpecification","valueRequired":true,"valueName":"search_term_string"}}],"inLanguage":"en-US"},{"@type":"Organization","@id":"https:\/\/www.laballuejardin.com\/en\/#organization","name":"les Jardins du ch\u00e2teau de la Ballue","url":"https:\/\/www.laballuejardin.com\/en\/","logo":{"@type":"ImageObject","inLanguage":"en-US","@id":"https:\/\/www.laballuejardin.com\/en\/#\/schema\/logo\/image\/","url":"https:\/\/www.laballuejardin.com\/wp-content\/uploads\/2014\/12\/la-ballue-logo1.jpg","contentUrl":"https:\/\/www.laballuejardin.com\/wp-content\/uploads\/2014\/12\/la-ballue-logo1.jpg","width":297,"height":69,"caption":"les Jardins du ch\u00e2teau de la Ballue"},"image":{"@id":"https:\/\/www.laballuejardin.com\/en\/#\/schema\/logo\/image\/"},"sameAs":["https:\/\/www.facebook.com\/LaBalluesonchateauetsesjardins","https:\/\/www.instagram.com\/chateaudelaballue\/","https:\/\/www.linkedin.com\/in\/marie-fran\u00e7oise-mathiot-mathon-17453a87?originalSubdomain=fr","https:\/\/www.pinterest.fr\/laballue\/_created\/","https:\/\/fr.wikipedia.org\/wiki\/Ch\u00e2teau_de_la_Ballue"]},{"@type":"Person","@id":"https:\/\/www.laballuejardin.com\/en\/#\/schema\/person\/f2c026be0f87e46c86fd11055f1a87f5","name":"Les Jardins de La Ballue","description":"\u00c0 quelques kilom\u00e8tres du Mont-Saint-Michel, un univers enchant\u00e9 r\u00e9serve des surprises \u00e0 ceux qui s\u2019y aventurent. Vous d\u00e9couvrez en arrivant un paysage vallonn\u00e9 baign\u00e9 de cette lumi\u00e8re si caract\u00e9ristique \u00e0 la Bretagne et qui, d\u00e9couverte par les impressionnistes, inspira depuis de nombreux peintres."}]}},"_links":{"self":[{"href":"https:\/\/www.laballuejardin.com\/en\/wp-json\/wp\/v2\/posts\/2406","targetHints":{"allow":["GET"]}}],"collection":[{"href":"https:\/\/www.laballuejardin.com\/en\/wp-json\/wp\/v2\/posts"}],"about":[{"href":"https:\/\/www.laballuejardin.com\/en\/wp-json\/wp\/v2\/types\/post"}],"author":[{"embeddable":true,"href":"https:\/\/www.laballuejardin.com\/en\/wp-json\/wp\/v2\/users\/3"}],"replies":[{"embeddable":true,"href":"https:\/\/www.laballuejardin.com\/en\/wp-json\/wp\/v2\/comments?post=2406"}],"version-history":[{"count":6,"href":"https:\/\/www.laballuejardin.com\/en\/wp-json\/wp\/v2\/posts\/2406\/revisions"}],"predecessor-version":[{"id":4390,"href":"https:\/\/www.laballuejardin.com\/en\/wp-json\/wp\/v2\/posts\/2406\/revisions\/4390"}],"wp:featuredmedia":[{"embeddable":true,"href":"https:\/\/www.laballuejardin.com\/en\/wp-json\/wp\/v2\/media\/2464"}],"wp:attachment":[{"href":"https:\/\/www.laballuejardin.com\/en\/wp-json\/wp\/v2\/media?parent=2406"}],"wp:term":[{"taxonomy":"category","embeddable":true,"href":"https:\/\/www.laballuejardin.com\/en\/wp-json\/wp\/v2\/categories?post=2406"},{"taxonomy":"post_tag","embeddable":true,"href":"https:\/\/www.laballuejardin.com\/en\/wp-json\/wp\/v2\/tags?post=2406"}],"curies":[{"name":"wp","href":"https:\/\/api.w.org\/{rel}","templated":true}]}}