{"id":2382,"date":"2015-09-21T11:37:40","date_gmt":"2015-09-21T10:37:40","guid":{"rendered":"https:\/\/www.laballuejardin.com\/?p=2382"},"modified":"2021-04-01T15:15:20","modified_gmt":"2021-04-01T14:15:20","slug":"baroque-concert-beautiful-ennemies-by-il-festino-11th-oct-2015","status":"publish","type":"post","link":"https:\/\/www.laballuejardin.com\/en\/events\/baroque-concert-beautiful-ennemies-by-il-festino-11th-oct-2015","title":{"rendered":"Baroque Concert &#8220;Beautiful Ennemies&#8221; by Il Festino, 11th Oct. 2015"},"content":{"rendered":"<p>&#8220;Please, don&#8217;t imprison either my spirit nor my mind&#8230;&#8221;<!--more--><\/p>\n<p>This show is performed by an actor reciting surprising and exuberant texts, from the Galien or La Bruy\u00e8re misogyny to the fight for the women freedom advocated by Cervantes.<\/p>\n<p>Lute, guitar and viola da gamba accompany a singer who delight us with melodies illustrating the women conditions of the 17th century.<\/p>\n<p>With Julien Cigana reciting, Dagmar Saskova singing, Ronald Martin Alonso viola da gamba and Manuel de Grange lute, guitar.<\/p>\n<p><a href=\"http:\/\/www.ensembleilfestino.com\/\">Web site of Il Festino<\/a><\/p>\n<p>At the Ch\u00e2teau of La Ballue, Sunday 11th October 2015<\/p>\n\n\n<p>Not available at that moment, come to <a href=\"https:\/\/www.laballuejardin.com\/en\/online-tickets\">visit the Garden<\/a>s at a time of your choice!<\/p>\n","protected":false},"excerpt":{"rendered":"<p>&#8220;Please, don&#8217;t imprison either my spirit nor my mind&#8230;&#8221;<\/p>\n","protected":false},"author":3,"featured_media":2465,"comment_status":"closed","ping_status":"closed","sticky":false,"template":"","format":"standard","meta":{"footnotes":""},"categories":[20,2],"tags":[],"class_list":["post-2382","post","type-post","status-publish","format-standard","has-post-thumbnail","hentry","category-evenements-en","category-events"],"yoast_head":"<!-- This site is optimized with the Yoast SEO plugin v25.2 - https:\/\/yoast.com\/wordpress\/plugins\/seo\/ -->\n<title>Baroque Concert 2015 by il Festino - Jardins de la Ballue<\/title>\n<meta name=\"description\" content=\"Baroque Concert 2015, from the Galien or La Bruy\u00e8re misogyny to the fight for the women freedom advocated by Cervantes. At La Ballue Gardens\" \/>\n<meta name=\"robots\" content=\"index, follow, max-snippet:-1, max-image-preview:large, max-video-preview:-1\" \/>\n<link rel=\"canonical\" href=\"https:\/\/www.laballuejardin.com\/en\/events\/baroque-concert-beautiful-ennemies-by-il-festino-11th-oct-2015\" \/>\n<meta property=\"og:locale\" content=\"en_US\" \/>\n<meta property=\"og:type\" content=\"article\" \/>\n<meta property=\"og:title\" content=\"Baroque Concert 2015 by il Festino - Jardins de la Ballue\" \/>\n<meta property=\"og:description\" content=\"Baroque Concert 2015, from the Galien or La Bruy\u00e8re misogyny to the fight for the women freedom advocated by Cervantes. At La Ballue Gardens\" \/>\n<meta property=\"og:url\" content=\"https:\/\/www.laballuejardin.com\/en\/events\/baroque-concert-beautiful-ennemies-by-il-festino-11th-oct-2015\" \/>\n<meta property=\"og:site_name\" content=\"Les Jardins de la Ballue\" \/>\n<meta property=\"article:publisher\" content=\"https:\/\/www.facebook.com\/LaBalluesonchateauetsesjardins\" \/>\n<meta property=\"article:published_time\" content=\"2015-09-21T10:37:40+00:00\" \/>\n<meta property=\"article:modified_time\" content=\"2021-04-01T14:15:20+00:00\" \/>\n<meta property=\"og:image\" content=\"https:\/\/www.laballuejardin.com\/wp-content\/uploads\/2015\/09\/concert-baroque-EN.jpg\" \/>\n\t<meta property=\"og:image:width\" content=\"528\" \/>\n\t<meta property=\"og:image:height\" content=\"348\" \/>\n\t<meta property=\"og:image:type\" content=\"image\/jpeg\" \/>\n<meta name=\"author\" content=\"Les Jardins de La Ballue\" \/>\n<meta name=\"twitter:card\" content=\"summary_large_image\" \/>\n<script type=\"application\/ld+json\" class=\"yoast-schema-graph\">{\"@context\":\"https:\/\/schema.org\",\"@graph\":[{\"@type\":\"Article\",\"@id\":\"https:\/\/www.laballuejardin.com\/en\/events\/baroque-concert-beautiful-ennemies-by-il-festino-11th-oct-2015#article\",\"isPartOf\":{\"@id\":\"https:\/\/www.laballuejardin.com\/en\/events\/baroque-concert-beautiful-ennemies-by-il-festino-11th-oct-2015\"},\"author\":{\"name\":\"Les Jardins de La Ballue\",\"@id\":\"https:\/\/www.laballuejardin.com\/en\/#\/schema\/person\/f2c026be0f87e46c86fd11055f1a87f5\"},\"headline\":\"Baroque Concert &#8220;Beautiful Ennemies&#8221; by Il Festino, 11th Oct. 2015\",\"datePublished\":\"2015-09-21T10:37:40+00:00\",\"dateModified\":\"2021-04-01T14:15:20+00:00\",\"mainEntityOfPage\":{\"@id\":\"https:\/\/www.laballuejardin.com\/en\/events\/baroque-concert-beautiful-ennemies-by-il-festino-11th-oct-2015\"},\"wordCount\":121,\"publisher\":{\"@id\":\"https:\/\/www.laballuejardin.com\/en\/#organization\"},\"image\":{\"@id\":\"https:\/\/www.laballuejardin.com\/en\/events\/baroque-concert-beautiful-ennemies-by-il-festino-11th-oct-2015#primaryimage\"},\"thumbnailUrl\":\"https:\/\/www.laballuejardin.com\/wp-content\/uploads\/2015\/09\/concert-baroque-EN.jpg\",\"articleSection\":[\"Ev\u00e8nements\",\"Events\"],\"inLanguage\":\"en-US\"},{\"@type\":\"WebPage\",\"@id\":\"https:\/\/www.laballuejardin.com\/en\/events\/baroque-concert-beautiful-ennemies-by-il-festino-11th-oct-2015\",\"url\":\"https:\/\/www.laballuejardin.com\/en\/events\/baroque-concert-beautiful-ennemies-by-il-festino-11th-oct-2015\",\"name\":\"Baroque Concert 2015 by il Festino - Jardins de la Ballue\",\"isPartOf\":{\"@id\":\"https:\/\/www.laballuejardin.com\/en\/#website\"},\"primaryImageOfPage\":{\"@id\":\"https:\/\/www.laballuejardin.com\/en\/events\/baroque-concert-beautiful-ennemies-by-il-festino-11th-oct-2015#primaryimage\"},\"image\":{\"@id\":\"https:\/\/www.laballuejardin.com\/en\/events\/baroque-concert-beautiful-ennemies-by-il-festino-11th-oct-2015#primaryimage\"},\"thumbnailUrl\":\"https:\/\/www.laballuejardin.com\/wp-content\/uploads\/2015\/09\/concert-baroque-EN.jpg\",\"datePublished\":\"2015-09-21T10:37:40+00:00\",\"dateModified\":\"2021-04-01T14:15:20+00:00\",\"description\":\"Baroque Concert 2015, from the Galien or La Bruy\u00e8re misogyny to the fight for the women freedom advocated by Cervantes. At La Ballue Gardens\",\"breadcrumb\":{\"@id\":\"https:\/\/www.laballuejardin.com\/en\/events\/baroque-concert-beautiful-ennemies-by-il-festino-11th-oct-2015#breadcrumb\"},\"inLanguage\":\"en-US\",\"potentialAction\":[{\"@type\":\"ReadAction\",\"target\":[\"https:\/\/www.laballuejardin.com\/en\/events\/baroque-concert-beautiful-ennemies-by-il-festino-11th-oct-2015\"]}]},{\"@type\":\"ImageObject\",\"inLanguage\":\"en-US\",\"@id\":\"https:\/\/www.laballuejardin.com\/en\/events\/baroque-concert-beautiful-ennemies-by-il-festino-11th-oct-2015#primaryimage\",\"url\":\"https:\/\/www.laballuejardin.com\/wp-content\/uploads\/2015\/09\/concert-baroque-EN.jpg\",\"contentUrl\":\"https:\/\/www.laballuejardin.com\/wp-content\/uploads\/2015\/09\/concert-baroque-EN.jpg\",\"width\":528,\"height\":348},{\"@type\":\"BreadcrumbList\",\"@id\":\"https:\/\/www.laballuejardin.com\/en\/events\/baroque-concert-beautiful-ennemies-by-il-festino-11th-oct-2015#breadcrumb\",\"itemListElement\":[{\"@type\":\"ListItem\",\"position\":1,\"name\":\"Accueil\",\"item\":\"https:\/\/www.laballuejardin.com\/en\"},{\"@type\":\"ListItem\",\"position\":2,\"name\":\"Baroque Concert &#8220;Beautiful Ennemies&#8221; by Il Festino, 11th Oct. 2015\"}]},{\"@type\":\"WebSite\",\"@id\":\"https:\/\/www.laballuejardin.com\/en\/#website\",\"url\":\"https:\/\/www.laballuejardin.com\/en\/\",\"name\":\"Les Jardins de la Ballue\",\"description\":\"Joyaux du patrimoine d&#039;Ile et Vilaine\",\"publisher\":{\"@id\":\"https:\/\/www.laballuejardin.com\/en\/#organization\"},\"potentialAction\":[{\"@type\":\"SearchAction\",\"target\":{\"@type\":\"EntryPoint\",\"urlTemplate\":\"https:\/\/www.laballuejardin.com\/en\/?s={search_term_string}\"},\"query-input\":{\"@type\":\"PropertyValueSpecification\",\"valueRequired\":true,\"valueName\":\"search_term_string\"}}],\"inLanguage\":\"en-US\"},{\"@type\":\"Organization\",\"@id\":\"https:\/\/www.laballuejardin.com\/en\/#organization\",\"name\":\"les Jardins du ch\u00e2teau de la Ballue\",\"url\":\"https:\/\/www.laballuejardin.com\/en\/\",\"logo\":{\"@type\":\"ImageObject\",\"inLanguage\":\"en-US\",\"@id\":\"https:\/\/www.laballuejardin.com\/en\/#\/schema\/logo\/image\/\",\"url\":\"https:\/\/www.laballuejardin.com\/wp-content\/uploads\/2014\/12\/la-ballue-logo1.jpg\",\"contentUrl\":\"https:\/\/www.laballuejardin.com\/wp-content\/uploads\/2014\/12\/la-ballue-logo1.jpg\",\"width\":297,\"height\":69,\"caption\":\"les Jardins du ch\u00e2teau de la Ballue\"},\"image\":{\"@id\":\"https:\/\/www.laballuejardin.com\/en\/#\/schema\/logo\/image\/\"},\"sameAs\":[\"https:\/\/www.facebook.com\/LaBalluesonchateauetsesjardins\",\"https:\/\/www.instagram.com\/chateaudelaballue\/\",\"https:\/\/www.linkedin.com\/in\/marie-fran\u00e7oise-mathiot-mathon-17453a87?originalSubdomain=fr\",\"https:\/\/www.pinterest.fr\/laballue\/_created\/\",\"https:\/\/fr.wikipedia.org\/wiki\/Ch\u00e2teau_de_la_Ballue\"]},{\"@type\":\"Person\",\"@id\":\"https:\/\/www.laballuejardin.com\/en\/#\/schema\/person\/f2c026be0f87e46c86fd11055f1a87f5\",\"name\":\"Les Jardins de La Ballue\",\"description\":\"\u00c0 quelques kilom\u00e8tres du Mont-Saint-Michel, un univers enchant\u00e9 r\u00e9serve des surprises \u00e0 ceux qui s\u2019y aventurent. Vous d\u00e9couvrez en arrivant un paysage vallonn\u00e9 baign\u00e9 de cette lumi\u00e8re si caract\u00e9ristique \u00e0 la Bretagne et qui, d\u00e9couverte par les impressionnistes, inspira depuis de nombreux peintres.\"}]}<\/script>\n<!-- \/ Yoast SEO plugin. -->","yoast_head_json":{"title":"Baroque Concert 2015 by il Festino - Jardins de la Ballue","description":"Baroque Concert 2015, from the Galien or La Bruy\u00e8re misogyny to the fight for the women freedom advocated by Cervantes. At La Ballue Gardens","robots":{"index":"index","follow":"follow","max-snippet":"max-snippet:-1","max-image-preview":"max-image-preview:large","max-video-preview":"max-video-preview:-1"},"canonical":"https:\/\/www.laballuejardin.com\/en\/events\/baroque-concert-beautiful-ennemies-by-il-festino-11th-oct-2015","og_locale":"en_US","og_type":"article","og_title":"Baroque Concert 2015 by il Festino - Jardins de la Ballue","og_description":"Baroque Concert 2015, from the Galien or La Bruy\u00e8re misogyny to the fight for the women freedom advocated by Cervantes. At La Ballue Gardens","og_url":"https:\/\/www.laballuejardin.com\/en\/events\/baroque-concert-beautiful-ennemies-by-il-festino-11th-oct-2015","og_site_name":"Les Jardins de la Ballue","article_publisher":"https:\/\/www.facebook.com\/LaBalluesonchateauetsesjardins","article_published_time":"2015-09-21T10:37:40+00:00","article_modified_time":"2021-04-01T14:15:20+00:00","og_image":[{"width":528,"height":348,"url":"https:\/\/www.laballuejardin.com\/wp-content\/uploads\/2015\/09\/concert-baroque-EN.jpg","type":"image\/jpeg"}],"author":"Les Jardins de La Ballue","twitter_card":"summary_large_image","schema":{"@context":"https:\/\/schema.org","@graph":[{"@type":"Article","@id":"https:\/\/www.laballuejardin.com\/en\/events\/baroque-concert-beautiful-ennemies-by-il-festino-11th-oct-2015#article","isPartOf":{"@id":"https:\/\/www.laballuejardin.com\/en\/events\/baroque-concert-beautiful-ennemies-by-il-festino-11th-oct-2015"},"author":{"name":"Les Jardins de La Ballue","@id":"https:\/\/www.laballuejardin.com\/en\/#\/schema\/person\/f2c026be0f87e46c86fd11055f1a87f5"},"headline":"Baroque Concert &#8220;Beautiful Ennemies&#8221; by Il Festino, 11th Oct. 2015","datePublished":"2015-09-21T10:37:40+00:00","dateModified":"2021-04-01T14:15:20+00:00","mainEntityOfPage":{"@id":"https:\/\/www.laballuejardin.com\/en\/events\/baroque-concert-beautiful-ennemies-by-il-festino-11th-oct-2015"},"wordCount":121,"publisher":{"@id":"https:\/\/www.laballuejardin.com\/en\/#organization"},"image":{"@id":"https:\/\/www.laballuejardin.com\/en\/events\/baroque-concert-beautiful-ennemies-by-il-festino-11th-oct-2015#primaryimage"},"thumbnailUrl":"https:\/\/www.laballuejardin.com\/wp-content\/uploads\/2015\/09\/concert-baroque-EN.jpg","articleSection":["Ev\u00e8nements","Events"],"inLanguage":"en-US"},{"@type":"WebPage","@id":"https:\/\/www.laballuejardin.com\/en\/events\/baroque-concert-beautiful-ennemies-by-il-festino-11th-oct-2015","url":"https:\/\/www.laballuejardin.com\/en\/events\/baroque-concert-beautiful-ennemies-by-il-festino-11th-oct-2015","name":"Baroque Concert 2015 by il Festino - Jardins de la Ballue","isPartOf":{"@id":"https:\/\/www.laballuejardin.com\/en\/#website"},"primaryImageOfPage":{"@id":"https:\/\/www.laballuejardin.com\/en\/events\/baroque-concert-beautiful-ennemies-by-il-festino-11th-oct-2015#primaryimage"},"image":{"@id":"https:\/\/www.laballuejardin.com\/en\/events\/baroque-concert-beautiful-ennemies-by-il-festino-11th-oct-2015#primaryimage"},"thumbnailUrl":"https:\/\/www.laballuejardin.com\/wp-content\/uploads\/2015\/09\/concert-baroque-EN.jpg","datePublished":"2015-09-21T10:37:40+00:00","dateModified":"2021-04-01T14:15:20+00:00","description":"Baroque Concert 2015, from the Galien or La Bruy\u00e8re misogyny to the fight for the women freedom advocated by Cervantes. At La Ballue Gardens","breadcrumb":{"@id":"https:\/\/www.laballuejardin.com\/en\/events\/baroque-concert-beautiful-ennemies-by-il-festino-11th-oct-2015#breadcrumb"},"inLanguage":"en-US","potentialAction":[{"@type":"ReadAction","target":["https:\/\/www.laballuejardin.com\/en\/events\/baroque-concert-beautiful-ennemies-by-il-festino-11th-oct-2015"]}]},{"@type":"ImageObject","inLanguage":"en-US","@id":"https:\/\/www.laballuejardin.com\/en\/events\/baroque-concert-beautiful-ennemies-by-il-festino-11th-oct-2015#primaryimage","url":"https:\/\/www.laballuejardin.com\/wp-content\/uploads\/2015\/09\/concert-baroque-EN.jpg","contentUrl":"https:\/\/www.laballuejardin.com\/wp-content\/uploads\/2015\/09\/concert-baroque-EN.jpg","width":528,"height":348},{"@type":"BreadcrumbList","@id":"https:\/\/www.laballuejardin.com\/en\/events\/baroque-concert-beautiful-ennemies-by-il-festino-11th-oct-2015#breadcrumb","itemListElement":[{"@type":"ListItem","position":1,"name":"Accueil","item":"https:\/\/www.laballuejardin.com\/en"},{"@type":"ListItem","position":2,"name":"Baroque Concert &#8220;Beautiful Ennemies&#8221; by Il Festino, 11th Oct. 2015"}]},{"@type":"WebSite","@id":"https:\/\/www.laballuejardin.com\/en\/#website","url":"https:\/\/www.laballuejardin.com\/en\/","name":"Les Jardins de la Ballue","description":"Joyaux du patrimoine d&#039;Ile et Vilaine","publisher":{"@id":"https:\/\/www.laballuejardin.com\/en\/#organization"},"potentialAction":[{"@type":"SearchAction","target":{"@type":"EntryPoint","urlTemplate":"https:\/\/www.laballuejardin.com\/en\/?s={search_term_string}"},"query-input":{"@type":"PropertyValueSpecification","valueRequired":true,"valueName":"search_term_string"}}],"inLanguage":"en-US"},{"@type":"Organization","@id":"https:\/\/www.laballuejardin.com\/en\/#organization","name":"les Jardins du ch\u00e2teau de la Ballue","url":"https:\/\/www.laballuejardin.com\/en\/","logo":{"@type":"ImageObject","inLanguage":"en-US","@id":"https:\/\/www.laballuejardin.com\/en\/#\/schema\/logo\/image\/","url":"https:\/\/www.laballuejardin.com\/wp-content\/uploads\/2014\/12\/la-ballue-logo1.jpg","contentUrl":"https:\/\/www.laballuejardin.com\/wp-content\/uploads\/2014\/12\/la-ballue-logo1.jpg","width":297,"height":69,"caption":"les Jardins du ch\u00e2teau de la Ballue"},"image":{"@id":"https:\/\/www.laballuejardin.com\/en\/#\/schema\/logo\/image\/"},"sameAs":["https:\/\/www.facebook.com\/LaBalluesonchateauetsesjardins","https:\/\/www.instagram.com\/chateaudelaballue\/","https:\/\/www.linkedin.com\/in\/marie-fran\u00e7oise-mathiot-mathon-17453a87?originalSubdomain=fr","https:\/\/www.pinterest.fr\/laballue\/_created\/","https:\/\/fr.wikipedia.org\/wiki\/Ch\u00e2teau_de_la_Ballue"]},{"@type":"Person","@id":"https:\/\/www.laballuejardin.com\/en\/#\/schema\/person\/f2c026be0f87e46c86fd11055f1a87f5","name":"Les Jardins de La Ballue","description":"\u00c0 quelques kilom\u00e8tres du Mont-Saint-Michel, un univers enchant\u00e9 r\u00e9serve des surprises \u00e0 ceux qui s\u2019y aventurent. Vous d\u00e9couvrez en arrivant un paysage vallonn\u00e9 baign\u00e9 de cette lumi\u00e8re si caract\u00e9ristique \u00e0 la Bretagne et qui, d\u00e9couverte par les impressionnistes, inspira depuis de nombreux peintres."}]}},"_links":{"self":[{"href":"https:\/\/www.laballuejardin.com\/en\/wp-json\/wp\/v2\/posts\/2382","targetHints":{"allow":["GET"]}}],"collection":[{"href":"https:\/\/www.laballuejardin.com\/en\/wp-json\/wp\/v2\/posts"}],"about":[{"href":"https:\/\/www.laballuejardin.com\/en\/wp-json\/wp\/v2\/types\/post"}],"author":[{"embeddable":true,"href":"https:\/\/www.laballuejardin.com\/en\/wp-json\/wp\/v2\/users\/3"}],"replies":[{"embeddable":true,"href":"https:\/\/www.laballuejardin.com\/en\/wp-json\/wp\/v2\/comments?post=2382"}],"version-history":[{"count":4,"href":"https:\/\/www.laballuejardin.com\/en\/wp-json\/wp\/v2\/posts\/2382\/revisions"}],"predecessor-version":[{"id":4391,"href":"https:\/\/www.laballuejardin.com\/en\/wp-json\/wp\/v2\/posts\/2382\/revisions\/4391"}],"wp:featuredmedia":[{"embeddable":true,"href":"https:\/\/www.laballuejardin.com\/en\/wp-json\/wp\/v2\/media\/2465"}],"wp:attachment":[{"href":"https:\/\/www.laballuejardin.com\/en\/wp-json\/wp\/v2\/media?parent=2382"}],"wp:term":[{"taxonomy":"category","embeddable":true,"href":"https:\/\/www.laballuejardin.com\/en\/wp-json\/wp\/v2\/categories?post=2382"},{"taxonomy":"post_tag","embeddable":true,"href":"https:\/\/www.laballuejardin.com\/en\/wp-json\/wp\/v2\/tags?post=2382"}],"curies":[{"name":"wp","href":"https:\/\/api.w.org\/{rel}","templated":true}]}}